{"id":1521,"date":"2024-10-14T12:04:43","date_gmt":"2024-10-14T12:04:43","guid":{"rendered":"https:\/\/vasco-translator.pt\/artigos\/?p=1521"},"modified":"2025-08-12T10:21:29","modified_gmt":"2025-08-12T10:21:29","slug":"a-equipa-de-emergencia-do-pmm-tem-um-novo-nome","status":"publish","type":"post","link":"https:\/\/vasco-translator.pt\/artigos\/news\/a-equipa-de-emergencia-do-pmm-tem-um-novo-nome\/","title":{"rendered":"A Equipa de Emerg\u00eancia do PMM tem um novo nome"},"content":{"rendered":"<p>Devido aos planos de desenvolvimento da Equipa de Emerg\u00eancia da PMM, Vasco j\u00e1 n\u00e3o faz parte do log\u00f3tipo e do nome da equipa. No entanto, a mudan\u00e7a n\u00e3o afeta a coopera\u00e7\u00e3o cont\u00ednua do Vasco com a Miss\u00e3o M\u00e9dica Polaca. Temos estado associados \u00e0 Equipa de Emerg\u00eancia da PMM desde o seu in\u00edcio em mar\u00e7o de 2022. Junt\u00e1mos for\u00e7as para ajudar conjuntamente as v\u00edtimas de crises humanit\u00e1rias e cat\u00e1strofes naturais.<\/p>\n<p>Queremos continuar a apoiar as actividades da Equipa de Emerg\u00eancia da PMM. Forneceremos \u00e0 equipa de emerg\u00eancia conhecimentos e apoio log\u00edstico, nomeadamente atrav\u00e9s da disponibiliza\u00e7\u00e3o de um centro de armazenamento e log\u00edstica onde poder\u00e1 guardar o seu equipamento. Maciej G\u00f3ralski, CEO da Vasco, continuar\u00e1 a ser membro da equipa de emerg\u00eancia da PMM, respons\u00e1vel pelo recrutamento de novos membros e pela forma\u00e7\u00e3o dos actuais.<\/p>\n","protected":false},"excerpt":{"rendered":"<p>Devido aos planos de desenvolvimento da Equipa de Emerg\u00eancia da PMM, Vasco j\u00e1 n\u00e3o faz parte do log\u00f3tipo e do nome da equipa. No entanto, a mudan\u00e7a n\u00e3o afeta a coopera\u00e7\u00e3o cont\u00ednua do Vasco com a Miss\u00e3o M\u00e9dica Polaca. Temos estado associados \u00e0 Equipa de Emerg\u00eancia da PMM desde o seu in\u00edcio em mar\u00e7o de [&hellip;]<\/p>\n","protected":false},"author":5,"featured_media":1522,"comment_status":"open","ping_status":"open","sticky":false,"template":"","format":"standard","meta":{"_et_pb_use_builder":"","_et_pb_old_content":"","_et_gb_content_width":"","footnotes":""},"categories":[37],"tags":[41],"class_list":["post-1521","post","type-post","status-publish","format-standard","has-post-thumbnail","hentry","category-news","tag-m-baros"],"yoast_head":"<!-- This site is optimized with the Yoast SEO plugin v27.5 - https:\/\/yoast.com\/product\/yoast-seo-wordpress\/ -->\n<title>Equipa de Emerg\u00eancia do PMM<\/title>\n<meta name=\"description\" content=\"Devido aos planos de desenvolvimento da Equipa de Emerg\u00eancia da PMM, Vasco j\u00e1 n\u00e3o faz parte do log\u00f3tipo e do nome da equipa. Mudan\u00e7a n\u00e3o afeta a coopera\u00e7\u00e3o.\" \/>\n<meta name=\"robots\" content=\"index, follow, max-snippet:-1, max-image-preview:large, max-video-preview:-1\" \/>\n<link rel=\"canonical\" href=\"https:\/\/vasco-translator.pt\/artigos\/news\/a-equipa-de-emergencia-do-pmm-tem-um-novo-nome\/\" \/>\n<meta property=\"og:locale\" content=\"pt_PT\" \/>\n<meta property=\"og:type\" content=\"article\" \/>\n<meta property=\"og:title\" content=\"Equipa de Emerg\u00eancia do PMM\" \/>\n<meta property=\"og:description\" content=\"Devido aos planos de desenvolvimento da Equipa de Emerg\u00eancia da PMM, Vasco j\u00e1 n\u00e3o faz parte do log\u00f3tipo e do nome da equipa. Mudan\u00e7a n\u00e3o afeta a coopera\u00e7\u00e3o.\" \/>\n<meta property=\"og:url\" content=\"https:\/\/vasco-translator.pt\/artigos\/news\/a-equipa-de-emergencia-do-pmm-tem-um-novo-nome\/\" \/>\n<meta property=\"og:site_name\" content=\"Vasco Blog | Explorar factos sobre l\u00ednguas e viagens\" \/>\n<meta property=\"article:published_time\" content=\"2024-10-14T12:04:43+00:00\" \/>\n<meta property=\"article:modified_time\" content=\"2025-08-12T10:21:29+00:00\" \/>\n<meta property=\"og:image\" content=\"https:\/\/vasco-translator.pt\/artigos\/wp-content\/uploads\/2024\/10\/PMM.jpg\" \/>\n\t<meta property=\"og:image:width\" content=\"2048\" \/>\n\t<meta property=\"og:image:height\" content=\"1366\" \/>\n\t<meta property=\"og:image:type\" content=\"image\/jpeg\" \/>\n<meta name=\"author\" content=\"Marta Baros\" \/>\n<meta name=\"twitter:card\" content=\"summary_large_image\" \/>\n<meta name=\"twitter:label1\" content=\"Escrito por\" \/>\n\t<meta name=\"twitter:data1\" content=\"Marta Baros\" \/>\n\t<meta name=\"twitter:label2\" content=\"Tempo estimado de leitura\" \/>\n\t<meta name=\"twitter:data2\" content=\"1 minuto\" \/>\n<script type=\"application\/ld+json\" class=\"yoast-schema-graph\">{\"@context\":\"https:\\\/\\\/schema.org\",\"@graph\":[{\"@type\":\"Article\",\"@id\":\"https:\\\/\\\/vasco-translator.pt\\\/artigos\\\/news\\\/a-equipa-de-emergencia-do-pmm-tem-um-novo-nome\\\/#article\",\"isPartOf\":{\"@id\":\"https:\\\/\\\/vasco-translator.pt\\\/artigos\\\/news\\\/a-equipa-de-emergencia-do-pmm-tem-um-novo-nome\\\/\"},\"author\":{\"name\":\"Marta Baros\",\"@id\":\"https:\\\/\\\/vasco-translator.pt\\\/artigos\\\/#\\\/schema\\\/person\\\/ad838e1c8facc051c1edbd423497aa9c\"},\"headline\":\"A Equipa de Emerg\u00eancia do PMM tem um novo nome\",\"datePublished\":\"2024-10-14T12:04:43+00:00\",\"dateModified\":\"2025-08-12T10:21:29+00:00\",\"mainEntityOfPage\":{\"@id\":\"https:\\\/\\\/vasco-translator.pt\\\/artigos\\\/news\\\/a-equipa-de-emergencia-do-pmm-tem-um-novo-nome\\\/\"},\"wordCount\":168,\"commentCount\":0,\"image\":{\"@id\":\"https:\\\/\\\/vasco-translator.pt\\\/artigos\\\/news\\\/a-equipa-de-emergencia-do-pmm-tem-um-novo-nome\\\/#primaryimage\"},\"thumbnailUrl\":\"https:\\\/\\\/vasco-translator.pt\\\/artigos\\\/wp-content\\\/uploads\\\/2024\\\/10\\\/PMM.jpg\",\"keywords\":[\"Marta Baros\"],\"articleSection\":[\"Not\u00edcias\"],\"inLanguage\":\"pt-PT\",\"potentialAction\":[{\"@type\":\"CommentAction\",\"name\":\"Comment\",\"target\":[\"https:\\\/\\\/vasco-translator.pt\\\/artigos\\\/news\\\/a-equipa-de-emergencia-do-pmm-tem-um-novo-nome\\\/#respond\"]}],\"timeRequired\":\"PT1M\"},{\"@type\":\"WebPage\",\"@id\":\"https:\\\/\\\/vasco-translator.pt\\\/artigos\\\/news\\\/a-equipa-de-emergencia-do-pmm-tem-um-novo-nome\\\/\",\"url\":\"https:\\\/\\\/vasco-translator.pt\\\/artigos\\\/news\\\/a-equipa-de-emergencia-do-pmm-tem-um-novo-nome\\\/\",\"name\":\"Equipa de Emerg\u00eancia do PMM\",\"isPartOf\":{\"@id\":\"https:\\\/\\\/vasco-translator.pt\\\/artigos\\\/#website\"},\"primaryImageOfPage\":{\"@id\":\"https:\\\/\\\/vasco-translator.pt\\\/artigos\\\/news\\\/a-equipa-de-emergencia-do-pmm-tem-um-novo-nome\\\/#primaryimage\"},\"image\":{\"@id\":\"https:\\\/\\\/vasco-translator.pt\\\/artigos\\\/news\\\/a-equipa-de-emergencia-do-pmm-tem-um-novo-nome\\\/#primaryimage\"},\"thumbnailUrl\":\"https:\\\/\\\/vasco-translator.pt\\\/artigos\\\/wp-content\\\/uploads\\\/2024\\\/10\\\/PMM.jpg\",\"datePublished\":\"2024-10-14T12:04:43+00:00\",\"dateModified\":\"2025-08-12T10:21:29+00:00\",\"author\":{\"@id\":\"https:\\\/\\\/vasco-translator.pt\\\/artigos\\\/#\\\/schema\\\/person\\\/ad838e1c8facc051c1edbd423497aa9c\"},\"description\":\"Devido aos planos de desenvolvimento da Equipa de Emerg\u00eancia da PMM, Vasco j\u00e1 n\u00e3o faz parte do log\u00f3tipo e do nome da equipa. Mudan\u00e7a n\u00e3o afeta a coopera\u00e7\u00e3o.\",\"breadcrumb\":{\"@id\":\"https:\\\/\\\/vasco-translator.pt\\\/artigos\\\/news\\\/a-equipa-de-emergencia-do-pmm-tem-um-novo-nome\\\/#breadcrumb\"},\"inLanguage\":\"pt-PT\",\"potentialAction\":[{\"@type\":\"ReadAction\",\"target\":[\"https:\\\/\\\/vasco-translator.pt\\\/artigos\\\/news\\\/a-equipa-de-emergencia-do-pmm-tem-um-novo-nome\\\/\"]}]},{\"@type\":\"ImageObject\",\"inLanguage\":\"pt-PT\",\"@id\":\"https:\\\/\\\/vasco-translator.pt\\\/artigos\\\/news\\\/a-equipa-de-emergencia-do-pmm-tem-um-novo-nome\\\/#primaryimage\",\"url\":\"https:\\\/\\\/vasco-translator.pt\\\/artigos\\\/wp-content\\\/uploads\\\/2024\\\/10\\\/PMM.jpg\",\"contentUrl\":\"https:\\\/\\\/vasco-translator.pt\\\/artigos\\\/wp-content\\\/uploads\\\/2024\\\/10\\\/PMM.jpg\",\"width\":2048,\"height\":1366,\"caption\":\"PMM Emergency Team\"},{\"@type\":\"BreadcrumbList\",\"@id\":\"https:\\\/\\\/vasco-translator.pt\\\/artigos\\\/news\\\/a-equipa-de-emergencia-do-pmm-tem-um-novo-nome\\\/#breadcrumb\",\"itemListElement\":[{\"@type\":\"ListItem\",\"position\":1,\"name\":\"Home\",\"item\":\"https:\\\/\\\/vasco-translator.pt\\\/artigos\\\/\"},{\"@type\":\"ListItem\",\"position\":2,\"name\":\"Not\u00edcias\",\"item\":\"https:\\\/\\\/vasco-translator.pt\\\/artigos\\\/category\\\/news\\\/\"},{\"@type\":\"ListItem\",\"position\":3,\"name\":\"A Equipa de Emerg\u00eancia do PMM tem um novo nome\",\"item\":{\"@id\":\"https:\\\/\\\/vasco-translator.pt\\\/artigos\\\/wp-json\\\/wp\\\/v2\\\/posts\\\/1521\"}}]},{\"@type\":\"WebSite\",\"@id\":\"https:\\\/\\\/vasco-translator.pt\\\/artigos\\\/#website\",\"url\":\"https:\\\/\\\/vasco-translator.pt\\\/artigos\\\/\",\"name\":\"Vasco Blog | Explorar factos sobre l\u00ednguas e viagens\",\"description\":\"Descubra o fascinante mundo das l\u00ednguas e das viagens com o Vasco. Mergulhe em artigos, dicas e ideias que o ajudam a tirar o m\u00e1ximo partido das suas viagens.\",\"potentialAction\":[{\"@type\":\"SearchAction\",\"target\":{\"@type\":\"EntryPoint\",\"urlTemplate\":\"https:\\\/\\\/vasco-translator.pt\\\/artigos\\\/?s={search_term_string}\"},\"query-input\":{\"@type\":\"PropertyValueSpecification\",\"valueRequired\":true,\"valueName\":\"search_term_string\"}}],\"inLanguage\":\"pt-PT\"},{\"@type\":\"Person\",\"@id\":\"https:\\\/\\\/vasco-translator.pt\\\/artigos\\\/#\\\/schema\\\/person\\\/ad838e1c8facc051c1edbd423497aa9c\",\"name\":\"Marta Baros\",\"image\":{\"@type\":\"ImageObject\",\"inLanguage\":\"pt-PT\",\"@id\":\"https:\\\/\\\/secure.gravatar.com\\\/avatar\\\/6519bc375e3db1c8ee762ed2a67d1c58241b8f9636de8ad9a57863fcd4c74556?s=96&d=mm&r=g\",\"url\":\"https:\\\/\\\/secure.gravatar.com\\\/avatar\\\/6519bc375e3db1c8ee762ed2a67d1c58241b8f9636de8ad9a57863fcd4c74556?s=96&d=mm&r=g\",\"contentUrl\":\"https:\\\/\\\/secure.gravatar.com\\\/avatar\\\/6519bc375e3db1c8ee762ed2a67d1c58241b8f9636de8ad9a57863fcd4c74556?s=96&d=mm&r=g\",\"caption\":\"Marta Baros\"},\"description\":\"Com a sua experi\u00eancia de 9 anos em rela\u00e7\u00f5es p\u00fablicas, cuida da imagem da marca Vasco e dos seus produtos. Para al\u00e9m de trabalhar com os meios de comunica\u00e7\u00e3o social e os parceiros, tamb\u00e9m se ocupa das atividades de responsabilidade social. Fora do trabalho, a Marta \u00e9 uma \u00e1vida viajante. Podemos encontr\u00e1-la frequentemente a percorrer um trilho de montanha ou a andar de bicicleta.\",\"url\":\"https:\\\/\\\/vasco-translator.pt\\\/artigos\\\/autor\\\/m-baros\\\/\"}]}<\/script>\n<!-- \/ Yoast SEO plugin. -->","yoast_head_json":{"title":"Equipa de Emerg\u00eancia do PMM","description":"Devido aos planos de desenvolvimento da Equipa de Emerg\u00eancia da PMM, Vasco j\u00e1 n\u00e3o faz parte do log\u00f3tipo e do nome da equipa. Mudan\u00e7a n\u00e3o afeta a coopera\u00e7\u00e3o.","robots":{"index":"index","follow":"follow","max-snippet":"max-snippet:-1","max-image-preview":"max-image-preview:large","max-video-preview":"max-video-preview:-1"},"canonical":"https:\/\/vasco-translator.pt\/artigos\/news\/a-equipa-de-emergencia-do-pmm-tem-um-novo-nome\/","og_locale":"pt_PT","og_type":"article","og_title":"Equipa de Emerg\u00eancia do PMM","og_description":"Devido aos planos de desenvolvimento da Equipa de Emerg\u00eancia da PMM, Vasco j\u00e1 n\u00e3o faz parte do log\u00f3tipo e do nome da equipa. Mudan\u00e7a n\u00e3o afeta a coopera\u00e7\u00e3o.","og_url":"https:\/\/vasco-translator.pt\/artigos\/news\/a-equipa-de-emergencia-do-pmm-tem-um-novo-nome\/","og_site_name":"Vasco Blog | Explorar factos sobre l\u00ednguas e viagens","article_published_time":"2024-10-14T12:04:43+00:00","article_modified_time":"2025-08-12T10:21:29+00:00","og_image":[{"width":2048,"height":1366,"url":"https:\/\/vasco-translator.pt\/artigos\/wp-content\/uploads\/2024\/10\/PMM.jpg","type":"image\/jpeg"}],"author":"Marta Baros","twitter_card":"summary_large_image","twitter_misc":{"Escrito por":"Marta Baros","Tempo estimado de leitura":"1 minuto"},"schema":{"@context":"https:\/\/schema.org","@graph":[{"@type":"Article","@id":"https:\/\/vasco-translator.pt\/artigos\/news\/a-equipa-de-emergencia-do-pmm-tem-um-novo-nome\/#article","isPartOf":{"@id":"https:\/\/vasco-translator.pt\/artigos\/news\/a-equipa-de-emergencia-do-pmm-tem-um-novo-nome\/"},"author":{"name":"Marta Baros","@id":"https:\/\/vasco-translator.pt\/artigos\/#\/schema\/person\/ad838e1c8facc051c1edbd423497aa9c"},"headline":"A Equipa de Emerg\u00eancia do PMM tem um novo nome","datePublished":"2024-10-14T12:04:43+00:00","dateModified":"2025-08-12T10:21:29+00:00","mainEntityOfPage":{"@id":"https:\/\/vasco-translator.pt\/artigos\/news\/a-equipa-de-emergencia-do-pmm-tem-um-novo-nome\/"},"wordCount":168,"commentCount":0,"image":{"@id":"https:\/\/vasco-translator.pt\/artigos\/news\/a-equipa-de-emergencia-do-pmm-tem-um-novo-nome\/#primaryimage"},"thumbnailUrl":"https:\/\/vasco-translator.pt\/artigos\/wp-content\/uploads\/2024\/10\/PMM.jpg","keywords":["Marta Baros"],"articleSection":["Not\u00edcias"],"inLanguage":"pt-PT","potentialAction":[{"@type":"CommentAction","name":"Comment","target":["https:\/\/vasco-translator.pt\/artigos\/news\/a-equipa-de-emergencia-do-pmm-tem-um-novo-nome\/#respond"]}],"timeRequired":"PT1M"},{"@type":"WebPage","@id":"https:\/\/vasco-translator.pt\/artigos\/news\/a-equipa-de-emergencia-do-pmm-tem-um-novo-nome\/","url":"https:\/\/vasco-translator.pt\/artigos\/news\/a-equipa-de-emergencia-do-pmm-tem-um-novo-nome\/","name":"Equipa de Emerg\u00eancia do PMM","isPartOf":{"@id":"https:\/\/vasco-translator.pt\/artigos\/#website"},"primaryImageOfPage":{"@id":"https:\/\/vasco-translator.pt\/artigos\/news\/a-equipa-de-emergencia-do-pmm-tem-um-novo-nome\/#primaryimage"},"image":{"@id":"https:\/\/vasco-translator.pt\/artigos\/news\/a-equipa-de-emergencia-do-pmm-tem-um-novo-nome\/#primaryimage"},"thumbnailUrl":"https:\/\/vasco-translator.pt\/artigos\/wp-content\/uploads\/2024\/10\/PMM.jpg","datePublished":"2024-10-14T12:04:43+00:00","dateModified":"2025-08-12T10:21:29+00:00","author":{"@id":"https:\/\/vasco-translator.pt\/artigos\/#\/schema\/person\/ad838e1c8facc051c1edbd423497aa9c"},"description":"Devido aos planos de desenvolvimento da Equipa de Emerg\u00eancia da PMM, Vasco j\u00e1 n\u00e3o faz parte do log\u00f3tipo e do nome da equipa. Mudan\u00e7a n\u00e3o afeta a coopera\u00e7\u00e3o.","breadcrumb":{"@id":"https:\/\/vasco-translator.pt\/artigos\/news\/a-equipa-de-emergencia-do-pmm-tem-um-novo-nome\/#breadcrumb"},"inLanguage":"pt-PT","potentialAction":[{"@type":"ReadAction","target":["https:\/\/vasco-translator.pt\/artigos\/news\/a-equipa-de-emergencia-do-pmm-tem-um-novo-nome\/"]}]},{"@type":"ImageObject","inLanguage":"pt-PT","@id":"https:\/\/vasco-translator.pt\/artigos\/news\/a-equipa-de-emergencia-do-pmm-tem-um-novo-nome\/#primaryimage","url":"https:\/\/vasco-translator.pt\/artigos\/wp-content\/uploads\/2024\/10\/PMM.jpg","contentUrl":"https:\/\/vasco-translator.pt\/artigos\/wp-content\/uploads\/2024\/10\/PMM.jpg","width":2048,"height":1366,"caption":"PMM Emergency Team"},{"@type":"BreadcrumbList","@id":"https:\/\/vasco-translator.pt\/artigos\/news\/a-equipa-de-emergencia-do-pmm-tem-um-novo-nome\/#breadcrumb","itemListElement":[{"@type":"ListItem","position":1,"name":"Home","item":"https:\/\/vasco-translator.pt\/artigos\/"},{"@type":"ListItem","position":2,"name":"Not\u00edcias","item":"https:\/\/vasco-translator.pt\/artigos\/category\/news\/"},{"@type":"ListItem","position":3,"name":"A Equipa de Emerg\u00eancia do PMM tem um novo nome","item":{"@id":"https:\/\/vasco-translator.pt\/artigos\/wp-json\/wp\/v2\/posts\/1521"}}]},{"@type":"WebSite","@id":"https:\/\/vasco-translator.pt\/artigos\/#website","url":"https:\/\/vasco-translator.pt\/artigos\/","name":"Vasco Blog | Explorar factos sobre l\u00ednguas e viagens","description":"Descubra o fascinante mundo das l\u00ednguas e das viagens com o Vasco. Mergulhe em artigos, dicas e ideias que o ajudam a tirar o m\u00e1ximo partido das suas viagens.","potentialAction":[{"@type":"SearchAction","target":{"@type":"EntryPoint","urlTemplate":"https:\/\/vasco-translator.pt\/artigos\/?s={search_term_string}"},"query-input":{"@type":"PropertyValueSpecification","valueRequired":true,"valueName":"search_term_string"}}],"inLanguage":"pt-PT"},{"@type":"Person","@id":"https:\/\/vasco-translator.pt\/artigos\/#\/schema\/person\/ad838e1c8facc051c1edbd423497aa9c","name":"Marta Baros","image":{"@type":"ImageObject","inLanguage":"pt-PT","@id":"https:\/\/secure.gravatar.com\/avatar\/6519bc375e3db1c8ee762ed2a67d1c58241b8f9636de8ad9a57863fcd4c74556?s=96&d=mm&r=g","url":"https:\/\/secure.gravatar.com\/avatar\/6519bc375e3db1c8ee762ed2a67d1c58241b8f9636de8ad9a57863fcd4c74556?s=96&d=mm&r=g","contentUrl":"https:\/\/secure.gravatar.com\/avatar\/6519bc375e3db1c8ee762ed2a67d1c58241b8f9636de8ad9a57863fcd4c74556?s=96&d=mm&r=g","caption":"Marta Baros"},"description":"Com a sua experi\u00eancia de 9 anos em rela\u00e7\u00f5es p\u00fablicas, cuida da imagem da marca Vasco e dos seus produtos. Para al\u00e9m de trabalhar com os meios de comunica\u00e7\u00e3o social e os parceiros, tamb\u00e9m se ocupa das atividades de responsabilidade social. Fora do trabalho, a Marta \u00e9 uma \u00e1vida viajante. Podemos encontr\u00e1-la frequentemente a percorrer um trilho de montanha ou a andar de bicicleta.","url":"https:\/\/vasco-translator.pt\/artigos\/autor\/m-baros\/"}]}},"_links":{"self":[{"href":"https:\/\/vasco-translator.pt\/artigos\/wp-json\/wp\/v2\/posts\/1521","targetHints":{"allow":["GET"]}}],"collection":[{"href":"https:\/\/vasco-translator.pt\/artigos\/wp-json\/wp\/v2\/posts"}],"about":[{"href":"https:\/\/vasco-translator.pt\/artigos\/wp-json\/wp\/v2\/types\/post"}],"author":[{"embeddable":true,"href":"https:\/\/vasco-translator.pt\/artigos\/wp-json\/wp\/v2\/users\/5"}],"replies":[{"embeddable":true,"href":"https:\/\/vasco-translator.pt\/artigos\/wp-json\/wp\/v2\/comments?post=1521"}],"version-history":[{"count":1,"href":"https:\/\/vasco-translator.pt\/artigos\/wp-json\/wp\/v2\/posts\/1521\/revisions"}],"predecessor-version":[{"id":1523,"href":"https:\/\/vasco-translator.pt\/artigos\/wp-json\/wp\/v2\/posts\/1521\/revisions\/1523"}],"wp:featuredmedia":[{"embeddable":true,"href":"https:\/\/vasco-translator.pt\/artigos\/wp-json\/wp\/v2\/media\/1522"}],"wp:attachment":[{"href":"https:\/\/vasco-translator.pt\/artigos\/wp-json\/wp\/v2\/media?parent=1521"}],"wp:term":[{"taxonomy":"category","embeddable":true,"href":"https:\/\/vasco-translator.pt\/artigos\/wp-json\/wp\/v2\/categories?post=1521"},{"taxonomy":"post_tag","embeddable":true,"href":"https:\/\/vasco-translator.pt\/artigos\/wp-json\/wp\/v2\/tags?post=1521"}],"curies":[{"name":"wp","href":"https:\/\/api.w.org\/{rel}","templated":true}]}}