{"id":1395,"date":"2024-06-03T09:55:30","date_gmt":"2024-06-03T09:55:30","guid":{"rendered":"https:\/\/vasco-translator.pt\/artigos\/?p=1395"},"modified":"2025-08-14T09:30:16","modified_gmt":"2025-08-14T09:30:16","slug":"cruz-vermelha-da-figueira-da-foz-agora-fala-mais-de-108-linguas-2","status":"publish","type":"post","link":"https:\/\/vasco-translator.pt\/artigos\/news\/cruz-vermelha-da-figueira-da-foz-agora-fala-mais-de-108-linguas-2\/","title":{"rendered":"Cruz Vermelha da Figueira da Foz agora fala mais de 108 l\u00ednguas"},"content":{"rendered":"<p><strong>A Vasco Electronics, empresa l\u00edder em solu\u00e7\u00f5es de tradu\u00e7\u00e3o e comunica\u00e7\u00e3o, estabeleceu uma parceria com a Cruz Vermelha da Figueira da Foz para apoiar a miss\u00e3o da Cruz Vermelha de fornecer assist\u00eancia humanit\u00e1ria e facilitar a comunica\u00e7\u00e3o em situa\u00e7\u00f5es de emerg\u00eancia e ajuda humanit\u00e1ria.<\/strong><\/p>\n<p>&#8211; <em>Estamos extremamente honrados em poder contribuir para a Cruz Vermelha da Figueira da Foz<\/em>. &#8211; Disse Jo\u00e3o Fernandes, Country Manager da Vasco em Portugal. &#8211; <em>Acreditamos que estes tradutores ser\u00e3o ferramentas valiosas para os volunt\u00e1rios, ajudando a superar barreiras lingu\u00edsticas e a proporcionar uma comunica\u00e7\u00e3o mais eficaz durante as suas opera\u00e7\u00f5es de ajuda humanit\u00e1ria.<\/em><\/p>\n<p>Os tradutores fornecidos pela Vasco s\u00e3o dispositivos equipados com intelig\u00eancia artificial para melhor tradu\u00e7\u00e3o de m\u00faltiplos idiomas, permitindo comunica\u00e7\u00e3o em mais de 108 l\u00ednguas atrav\u00e9s de voz, texto e fotografia. Estes dispositivos ser\u00e3o especialmente \u00fateis para os volunt\u00e1rios da Cruz Vermelha no atendimento a refugiados, migrantes e outros grupos vulner\u00e1veis que frequentemente n\u00e3o falam a l\u00edngua local.<\/p>\n<p>A Cruz Vermelha da Figueira da Foz expressou a sua gratid\u00e3o pela doa\u00e7\u00e3o, enfatizando o impacto positivo que estes tradutores ter\u00e3o nas suas opera\u00e7\u00f5es di\u00e1rias. &#8211; <em>Esta parceria com a Vasco permitir\u00e1 que os nossos volunt\u00e1rios se comuniquem de forma mais eficaz e emp\u00e1tica com as pessoas que atendemos<\/em>. &#8211; Afirmou Francisco Leit\u00e3o, Presidente da Cruz Vermelha da Figueira da Foz. &#8211; <em>As maiores dificuldades s\u00e3o junto de emigrantes ucranianos, nepaleses e indianos, uma vez que n\u00e3o falam ingl\u00eas e trazem documentos m\u00e9dicos na l\u00edngua nativa. O Vasco ser\u00e1 uma ajuda essencial na assist\u00eancia humanit\u00e1ria e m\u00e9dica destas pessoas, permitindo n\u00e3o s\u00f3 o di\u00e1logo com as pessoas, mas tamb\u00e9m funcionando como ponte entre o hospital, os m\u00e9dicos e outros profissionais<\/em>.<\/p>\n<p>A Vasco Tradutores continua comprometida em apoiar iniciativas que promovam a comunica\u00e7\u00e3o e a compreens\u00e3o intercultural, reafirmando o seu papel como um l\u00edder respons\u00e1vel na comunidade. Um exemplo disso \u00e9 a campanha &#8220;Stand with Ukraine,&#8221; onde 500 unidades foram doadas a mais de 200 institui\u00e7\u00f5es que apoiam imigrantes.<\/p>\n","protected":false},"excerpt":{"rendered":"<p>A Vasco Electronics, empresa l\u00edder em solu\u00e7\u00f5es de tradu\u00e7\u00e3o e comunica\u00e7\u00e3o, estabeleceu uma parceria com a Cruz Vermelha da Figueira da Foz para apoiar a miss\u00e3o da Cruz Vermelha de fornecer assist\u00eancia humanit\u00e1ria e facilitar a comunica\u00e7\u00e3o em situa\u00e7\u00f5es de emerg\u00eancia e ajuda humanit\u00e1ria. &#8211; Estamos extremamente honrados em poder contribuir para a Cruz Vermelha [&hellip;]<\/p>\n","protected":false},"author":5,"featured_media":1397,"comment_status":"open","ping_status":"open","sticky":false,"template":"","format":"standard","meta":{"_et_pb_use_builder":"","_et_pb_old_content":"","_et_gb_content_width":"","footnotes":""},"categories":[37],"tags":[41],"class_list":["post-1395","post","type-post","status-publish","format-standard","has-post-thumbnail","hentry","category-news","tag-m-baros"],"yoast_head":"<!-- This site is optimized with the Yoast SEO plugin v27.5 - https:\/\/yoast.com\/product\/yoast-seo-wordpress\/ -->\n<title>Cruz Vermelha agora fala mais de 108 l\u00ednguas<\/title>\n<meta name=\"description\" content=\"Saiba mais sobre o nosso apoio \u00e0 Cruz Vermelha Portuguesa. Aqui na Vasco, estamos empenhados em causar um impacto positivo nas comunidades de todo o mundo.\" \/>\n<meta name=\"robots\" content=\"index, follow, max-snippet:-1, max-image-preview:large, max-video-preview:-1\" \/>\n<link rel=\"canonical\" href=\"https:\/\/vasco-translator.pt\/artigos\/news\/cruz-vermelha-da-figueira-da-foz-agora-fala-mais-de-108-linguas-2\/\" \/>\n<meta property=\"og:locale\" content=\"pt_PT\" \/>\n<meta property=\"og:type\" content=\"article\" \/>\n<meta property=\"og:title\" content=\"Cruz Vermelha agora fala mais de 108 l\u00ednguas\" \/>\n<meta property=\"og:description\" content=\"Saiba mais sobre o nosso apoio \u00e0 Cruz Vermelha Portuguesa. Aqui na Vasco, estamos empenhados em causar um impacto positivo nas comunidades de todo o mundo.\" \/>\n<meta property=\"og:url\" content=\"https:\/\/vasco-translator.pt\/artigos\/news\/cruz-vermelha-da-figueira-da-foz-agora-fala-mais-de-108-linguas-2\/\" \/>\n<meta property=\"og:site_name\" content=\"Vasco Blog | Explorar factos sobre l\u00ednguas e viagens\" \/>\n<meta property=\"article:published_time\" content=\"2024-06-03T09:55:30+00:00\" \/>\n<meta property=\"article:modified_time\" content=\"2025-08-14T09:30:16+00:00\" \/>\n<meta property=\"og:image\" content=\"https:\/\/vasco-translator.pt\/artigos\/wp-content\/uploads\/2024\/06\/WhatsApp-Image-2024-05-28-at-15.11.37.jpg\" \/>\n\t<meta property=\"og:image:width\" content=\"882\" \/>\n\t<meta property=\"og:image:height\" content=\"661\" \/>\n\t<meta property=\"og:image:type\" content=\"image\/jpeg\" \/>\n<meta name=\"author\" content=\"Marta Baros\" \/>\n<meta name=\"twitter:card\" content=\"summary_large_image\" \/>\n<meta name=\"twitter:label1\" content=\"Escrito por\" \/>\n\t<meta name=\"twitter:data1\" content=\"Marta Baros\" \/>\n\t<meta name=\"twitter:label2\" content=\"Tempo estimado de leitura\" \/>\n\t<meta name=\"twitter:data2\" content=\"2 minutos\" \/>\n<script type=\"application\/ld+json\" class=\"yoast-schema-graph\">{\"@context\":\"https:\\\/\\\/schema.org\",\"@graph\":[{\"@type\":\"Article\",\"@id\":\"https:\\\/\\\/vasco-translator.pt\\\/artigos\\\/news\\\/cruz-vermelha-da-figueira-da-foz-agora-fala-mais-de-108-linguas-2\\\/#article\",\"isPartOf\":{\"@id\":\"https:\\\/\\\/vasco-translator.pt\\\/artigos\\\/news\\\/cruz-vermelha-da-figueira-da-foz-agora-fala-mais-de-108-linguas-2\\\/\"},\"author\":{\"name\":\"Marta Baros\",\"@id\":\"https:\\\/\\\/vasco-translator.pt\\\/artigos\\\/#\\\/schema\\\/person\\\/ad838e1c8facc051c1edbd423497aa9c\"},\"headline\":\"Cruz Vermelha da Figueira da Foz agora fala mais de 108 l\u00ednguas\",\"datePublished\":\"2024-06-03T09:55:30+00:00\",\"dateModified\":\"2025-08-14T09:30:16+00:00\",\"mainEntityOfPage\":{\"@id\":\"https:\\\/\\\/vasco-translator.pt\\\/artigos\\\/news\\\/cruz-vermelha-da-figueira-da-foz-agora-fala-mais-de-108-linguas-2\\\/\"},\"wordCount\":387,\"commentCount\":0,\"image\":{\"@id\":\"https:\\\/\\\/vasco-translator.pt\\\/artigos\\\/news\\\/cruz-vermelha-da-figueira-da-foz-agora-fala-mais-de-108-linguas-2\\\/#primaryimage\"},\"thumbnailUrl\":\"https:\\\/\\\/vasco-translator.pt\\\/artigos\\\/wp-content\\\/uploads\\\/2024\\\/06\\\/WhatsApp-Image-2024-05-28-at-15.11.37.jpg\",\"keywords\":[\"Marta Baros\"],\"articleSection\":[\"Not\u00edcias\"],\"inLanguage\":\"pt-PT\",\"potentialAction\":[{\"@type\":\"CommentAction\",\"name\":\"Comment\",\"target\":[\"https:\\\/\\\/vasco-translator.pt\\\/artigos\\\/news\\\/cruz-vermelha-da-figueira-da-foz-agora-fala-mais-de-108-linguas-2\\\/#respond\"]}],\"timeRequired\":\"PT2M\"},{\"@type\":\"WebPage\",\"@id\":\"https:\\\/\\\/vasco-translator.pt\\\/artigos\\\/news\\\/cruz-vermelha-da-figueira-da-foz-agora-fala-mais-de-108-linguas-2\\\/\",\"url\":\"https:\\\/\\\/vasco-translator.pt\\\/artigos\\\/news\\\/cruz-vermelha-da-figueira-da-foz-agora-fala-mais-de-108-linguas-2\\\/\",\"name\":\"Cruz Vermelha agora fala mais de 108 l\u00ednguas\",\"isPartOf\":{\"@id\":\"https:\\\/\\\/vasco-translator.pt\\\/artigos\\\/#website\"},\"primaryImageOfPage\":{\"@id\":\"https:\\\/\\\/vasco-translator.pt\\\/artigos\\\/news\\\/cruz-vermelha-da-figueira-da-foz-agora-fala-mais-de-108-linguas-2\\\/#primaryimage\"},\"image\":{\"@id\":\"https:\\\/\\\/vasco-translator.pt\\\/artigos\\\/news\\\/cruz-vermelha-da-figueira-da-foz-agora-fala-mais-de-108-linguas-2\\\/#primaryimage\"},\"thumbnailUrl\":\"https:\\\/\\\/vasco-translator.pt\\\/artigos\\\/wp-content\\\/uploads\\\/2024\\\/06\\\/WhatsApp-Image-2024-05-28-at-15.11.37.jpg\",\"datePublished\":\"2024-06-03T09:55:30+00:00\",\"dateModified\":\"2025-08-14T09:30:16+00:00\",\"author\":{\"@id\":\"https:\\\/\\\/vasco-translator.pt\\\/artigos\\\/#\\\/schema\\\/person\\\/ad838e1c8facc051c1edbd423497aa9c\"},\"description\":\"Saiba mais sobre o nosso apoio \u00e0 Cruz Vermelha Portuguesa. Aqui na Vasco, estamos empenhados em causar um impacto positivo nas comunidades de todo o mundo.\",\"breadcrumb\":{\"@id\":\"https:\\\/\\\/vasco-translator.pt\\\/artigos\\\/news\\\/cruz-vermelha-da-figueira-da-foz-agora-fala-mais-de-108-linguas-2\\\/#breadcrumb\"},\"inLanguage\":\"pt-PT\",\"potentialAction\":[{\"@type\":\"ReadAction\",\"target\":[\"https:\\\/\\\/vasco-translator.pt\\\/artigos\\\/news\\\/cruz-vermelha-da-figueira-da-foz-agora-fala-mais-de-108-linguas-2\\\/\"]}]},{\"@type\":\"ImageObject\",\"inLanguage\":\"pt-PT\",\"@id\":\"https:\\\/\\\/vasco-translator.pt\\\/artigos\\\/news\\\/cruz-vermelha-da-figueira-da-foz-agora-fala-mais-de-108-linguas-2\\\/#primaryimage\",\"url\":\"https:\\\/\\\/vasco-translator.pt\\\/artigos\\\/wp-content\\\/uploads\\\/2024\\\/06\\\/WhatsApp-Image-2024-05-28-at-15.11.37.jpg\",\"contentUrl\":\"https:\\\/\\\/vasco-translator.pt\\\/artigos\\\/wp-content\\\/uploads\\\/2024\\\/06\\\/WhatsApp-Image-2024-05-28-at-15.11.37.jpg\",\"width\":882,\"height\":661,\"caption\":\"Figueira da Foz Red Cross\"},{\"@type\":\"BreadcrumbList\",\"@id\":\"https:\\\/\\\/vasco-translator.pt\\\/artigos\\\/news\\\/cruz-vermelha-da-figueira-da-foz-agora-fala-mais-de-108-linguas-2\\\/#breadcrumb\",\"itemListElement\":[{\"@type\":\"ListItem\",\"position\":1,\"name\":\"Home\",\"item\":\"https:\\\/\\\/vasco-translator.pt\\\/artigos\\\/\"},{\"@type\":\"ListItem\",\"position\":2,\"name\":\"Not\u00edcias\",\"item\":\"https:\\\/\\\/vasco-translator.pt\\\/artigos\\\/category\\\/news\\\/\"},{\"@type\":\"ListItem\",\"position\":3,\"name\":\"Cruz Vermelha da Figueira da Foz agora fala mais de 108 l\u00ednguas\",\"item\":{\"@id\":\"https:\\\/\\\/vasco-translator.pt\\\/artigos\\\/wp-json\\\/wp\\\/v2\\\/posts\\\/1395\"}}]},{\"@type\":\"WebSite\",\"@id\":\"https:\\\/\\\/vasco-translator.pt\\\/artigos\\\/#website\",\"url\":\"https:\\\/\\\/vasco-translator.pt\\\/artigos\\\/\",\"name\":\"Vasco Blog | Explorar factos sobre l\u00ednguas e viagens\",\"description\":\"Descubra o fascinante mundo das l\u00ednguas e das viagens com o Vasco. Mergulhe em artigos, dicas e ideias que o ajudam a tirar o m\u00e1ximo partido das suas viagens.\",\"potentialAction\":[{\"@type\":\"SearchAction\",\"target\":{\"@type\":\"EntryPoint\",\"urlTemplate\":\"https:\\\/\\\/vasco-translator.pt\\\/artigos\\\/?s={search_term_string}\"},\"query-input\":{\"@type\":\"PropertyValueSpecification\",\"valueRequired\":true,\"valueName\":\"search_term_string\"}}],\"inLanguage\":\"pt-PT\"},{\"@type\":\"Person\",\"@id\":\"https:\\\/\\\/vasco-translator.pt\\\/artigos\\\/#\\\/schema\\\/person\\\/ad838e1c8facc051c1edbd423497aa9c\",\"name\":\"Marta Baros\",\"image\":{\"@type\":\"ImageObject\",\"inLanguage\":\"pt-PT\",\"@id\":\"https:\\\/\\\/secure.gravatar.com\\\/avatar\\\/6519bc375e3db1c8ee762ed2a67d1c58241b8f9636de8ad9a57863fcd4c74556?s=96&d=mm&r=g\",\"url\":\"https:\\\/\\\/secure.gravatar.com\\\/avatar\\\/6519bc375e3db1c8ee762ed2a67d1c58241b8f9636de8ad9a57863fcd4c74556?s=96&d=mm&r=g\",\"contentUrl\":\"https:\\\/\\\/secure.gravatar.com\\\/avatar\\\/6519bc375e3db1c8ee762ed2a67d1c58241b8f9636de8ad9a57863fcd4c74556?s=96&d=mm&r=g\",\"caption\":\"Marta Baros\"},\"description\":\"Com a sua experi\u00eancia de 9 anos em rela\u00e7\u00f5es p\u00fablicas, cuida da imagem da marca Vasco e dos seus produtos. Para al\u00e9m de trabalhar com os meios de comunica\u00e7\u00e3o social e os parceiros, tamb\u00e9m se ocupa das atividades de responsabilidade social. Fora do trabalho, a Marta \u00e9 uma \u00e1vida viajante. Podemos encontr\u00e1-la frequentemente a percorrer um trilho de montanha ou a andar de bicicleta.\",\"url\":\"https:\\\/\\\/vasco-translator.pt\\\/artigos\\\/autor\\\/m-baros\\\/\"}]}<\/script>\n<!-- \/ Yoast SEO plugin. -->","yoast_head_json":{"title":"Cruz Vermelha agora fala mais de 108 l\u00ednguas","description":"Saiba mais sobre o nosso apoio \u00e0 Cruz Vermelha Portuguesa. Aqui na Vasco, estamos empenhados em causar um impacto positivo nas comunidades de todo o mundo.","robots":{"index":"index","follow":"follow","max-snippet":"max-snippet:-1","max-image-preview":"max-image-preview:large","max-video-preview":"max-video-preview:-1"},"canonical":"https:\/\/vasco-translator.pt\/artigos\/news\/cruz-vermelha-da-figueira-da-foz-agora-fala-mais-de-108-linguas-2\/","og_locale":"pt_PT","og_type":"article","og_title":"Cruz Vermelha agora fala mais de 108 l\u00ednguas","og_description":"Saiba mais sobre o nosso apoio \u00e0 Cruz Vermelha Portuguesa. Aqui na Vasco, estamos empenhados em causar um impacto positivo nas comunidades de todo o mundo.","og_url":"https:\/\/vasco-translator.pt\/artigos\/news\/cruz-vermelha-da-figueira-da-foz-agora-fala-mais-de-108-linguas-2\/","og_site_name":"Vasco Blog | Explorar factos sobre l\u00ednguas e viagens","article_published_time":"2024-06-03T09:55:30+00:00","article_modified_time":"2025-08-14T09:30:16+00:00","og_image":[{"width":882,"height":661,"url":"https:\/\/vasco-translator.pt\/artigos\/wp-content\/uploads\/2024\/06\/WhatsApp-Image-2024-05-28-at-15.11.37.jpg","type":"image\/jpeg"}],"author":"Marta Baros","twitter_card":"summary_large_image","twitter_misc":{"Escrito por":"Marta Baros","Tempo estimado de leitura":"2 minutos"},"schema":{"@context":"https:\/\/schema.org","@graph":[{"@type":"Article","@id":"https:\/\/vasco-translator.pt\/artigos\/news\/cruz-vermelha-da-figueira-da-foz-agora-fala-mais-de-108-linguas-2\/#article","isPartOf":{"@id":"https:\/\/vasco-translator.pt\/artigos\/news\/cruz-vermelha-da-figueira-da-foz-agora-fala-mais-de-108-linguas-2\/"},"author":{"name":"Marta Baros","@id":"https:\/\/vasco-translator.pt\/artigos\/#\/schema\/person\/ad838e1c8facc051c1edbd423497aa9c"},"headline":"Cruz Vermelha da Figueira da Foz agora fala mais de 108 l\u00ednguas","datePublished":"2024-06-03T09:55:30+00:00","dateModified":"2025-08-14T09:30:16+00:00","mainEntityOfPage":{"@id":"https:\/\/vasco-translator.pt\/artigos\/news\/cruz-vermelha-da-figueira-da-foz-agora-fala-mais-de-108-linguas-2\/"},"wordCount":387,"commentCount":0,"image":{"@id":"https:\/\/vasco-translator.pt\/artigos\/news\/cruz-vermelha-da-figueira-da-foz-agora-fala-mais-de-108-linguas-2\/#primaryimage"},"thumbnailUrl":"https:\/\/vasco-translator.pt\/artigos\/wp-content\/uploads\/2024\/06\/WhatsApp-Image-2024-05-28-at-15.11.37.jpg","keywords":["Marta Baros"],"articleSection":["Not\u00edcias"],"inLanguage":"pt-PT","potentialAction":[{"@type":"CommentAction","name":"Comment","target":["https:\/\/vasco-translator.pt\/artigos\/news\/cruz-vermelha-da-figueira-da-foz-agora-fala-mais-de-108-linguas-2\/#respond"]}],"timeRequired":"PT2M"},{"@type":"WebPage","@id":"https:\/\/vasco-translator.pt\/artigos\/news\/cruz-vermelha-da-figueira-da-foz-agora-fala-mais-de-108-linguas-2\/","url":"https:\/\/vasco-translator.pt\/artigos\/news\/cruz-vermelha-da-figueira-da-foz-agora-fala-mais-de-108-linguas-2\/","name":"Cruz Vermelha agora fala mais de 108 l\u00ednguas","isPartOf":{"@id":"https:\/\/vasco-translator.pt\/artigos\/#website"},"primaryImageOfPage":{"@id":"https:\/\/vasco-translator.pt\/artigos\/news\/cruz-vermelha-da-figueira-da-foz-agora-fala-mais-de-108-linguas-2\/#primaryimage"},"image":{"@id":"https:\/\/vasco-translator.pt\/artigos\/news\/cruz-vermelha-da-figueira-da-foz-agora-fala-mais-de-108-linguas-2\/#primaryimage"},"thumbnailUrl":"https:\/\/vasco-translator.pt\/artigos\/wp-content\/uploads\/2024\/06\/WhatsApp-Image-2024-05-28-at-15.11.37.jpg","datePublished":"2024-06-03T09:55:30+00:00","dateModified":"2025-08-14T09:30:16+00:00","author":{"@id":"https:\/\/vasco-translator.pt\/artigos\/#\/schema\/person\/ad838e1c8facc051c1edbd423497aa9c"},"description":"Saiba mais sobre o nosso apoio \u00e0 Cruz Vermelha Portuguesa. Aqui na Vasco, estamos empenhados em causar um impacto positivo nas comunidades de todo o mundo.","breadcrumb":{"@id":"https:\/\/vasco-translator.pt\/artigos\/news\/cruz-vermelha-da-figueira-da-foz-agora-fala-mais-de-108-linguas-2\/#breadcrumb"},"inLanguage":"pt-PT","potentialAction":[{"@type":"ReadAction","target":["https:\/\/vasco-translator.pt\/artigos\/news\/cruz-vermelha-da-figueira-da-foz-agora-fala-mais-de-108-linguas-2\/"]}]},{"@type":"ImageObject","inLanguage":"pt-PT","@id":"https:\/\/vasco-translator.pt\/artigos\/news\/cruz-vermelha-da-figueira-da-foz-agora-fala-mais-de-108-linguas-2\/#primaryimage","url":"https:\/\/vasco-translator.pt\/artigos\/wp-content\/uploads\/2024\/06\/WhatsApp-Image-2024-05-28-at-15.11.37.jpg","contentUrl":"https:\/\/vasco-translator.pt\/artigos\/wp-content\/uploads\/2024\/06\/WhatsApp-Image-2024-05-28-at-15.11.37.jpg","width":882,"height":661,"caption":"Figueira da Foz Red Cross"},{"@type":"BreadcrumbList","@id":"https:\/\/vasco-translator.pt\/artigos\/news\/cruz-vermelha-da-figueira-da-foz-agora-fala-mais-de-108-linguas-2\/#breadcrumb","itemListElement":[{"@type":"ListItem","position":1,"name":"Home","item":"https:\/\/vasco-translator.pt\/artigos\/"},{"@type":"ListItem","position":2,"name":"Not\u00edcias","item":"https:\/\/vasco-translator.pt\/artigos\/category\/news\/"},{"@type":"ListItem","position":3,"name":"Cruz Vermelha da Figueira da Foz agora fala mais de 108 l\u00ednguas","item":{"@id":"https:\/\/vasco-translator.pt\/artigos\/wp-json\/wp\/v2\/posts\/1395"}}]},{"@type":"WebSite","@id":"https:\/\/vasco-translator.pt\/artigos\/#website","url":"https:\/\/vasco-translator.pt\/artigos\/","name":"Vasco Blog | Explorar factos sobre l\u00ednguas e viagens","description":"Descubra o fascinante mundo das l\u00ednguas e das viagens com o Vasco. Mergulhe em artigos, dicas e ideias que o ajudam a tirar o m\u00e1ximo partido das suas viagens.","potentialAction":[{"@type":"SearchAction","target":{"@type":"EntryPoint","urlTemplate":"https:\/\/vasco-translator.pt\/artigos\/?s={search_term_string}"},"query-input":{"@type":"PropertyValueSpecification","valueRequired":true,"valueName":"search_term_string"}}],"inLanguage":"pt-PT"},{"@type":"Person","@id":"https:\/\/vasco-translator.pt\/artigos\/#\/schema\/person\/ad838e1c8facc051c1edbd423497aa9c","name":"Marta Baros","image":{"@type":"ImageObject","inLanguage":"pt-PT","@id":"https:\/\/secure.gravatar.com\/avatar\/6519bc375e3db1c8ee762ed2a67d1c58241b8f9636de8ad9a57863fcd4c74556?s=96&d=mm&r=g","url":"https:\/\/secure.gravatar.com\/avatar\/6519bc375e3db1c8ee762ed2a67d1c58241b8f9636de8ad9a57863fcd4c74556?s=96&d=mm&r=g","contentUrl":"https:\/\/secure.gravatar.com\/avatar\/6519bc375e3db1c8ee762ed2a67d1c58241b8f9636de8ad9a57863fcd4c74556?s=96&d=mm&r=g","caption":"Marta Baros"},"description":"Com a sua experi\u00eancia de 9 anos em rela\u00e7\u00f5es p\u00fablicas, cuida da imagem da marca Vasco e dos seus produtos. Para al\u00e9m de trabalhar com os meios de comunica\u00e7\u00e3o social e os parceiros, tamb\u00e9m se ocupa das atividades de responsabilidade social. Fora do trabalho, a Marta \u00e9 uma \u00e1vida viajante. Podemos encontr\u00e1-la frequentemente a percorrer um trilho de montanha ou a andar de bicicleta.","url":"https:\/\/vasco-translator.pt\/artigos\/autor\/m-baros\/"}]}},"_links":{"self":[{"href":"https:\/\/vasco-translator.pt\/artigos\/wp-json\/wp\/v2\/posts\/1395","targetHints":{"allow":["GET"]}}],"collection":[{"href":"https:\/\/vasco-translator.pt\/artigos\/wp-json\/wp\/v2\/posts"}],"about":[{"href":"https:\/\/vasco-translator.pt\/artigos\/wp-json\/wp\/v2\/types\/post"}],"author":[{"embeddable":true,"href":"https:\/\/vasco-translator.pt\/artigos\/wp-json\/wp\/v2\/users\/5"}],"replies":[{"embeddable":true,"href":"https:\/\/vasco-translator.pt\/artigos\/wp-json\/wp\/v2\/comments?post=1395"}],"version-history":[{"count":4,"href":"https:\/\/vasco-translator.pt\/artigos\/wp-json\/wp\/v2\/posts\/1395\/revisions"}],"predecessor-version":[{"id":1697,"href":"https:\/\/vasco-translator.pt\/artigos\/wp-json\/wp\/v2\/posts\/1395\/revisions\/1697"}],"wp:featuredmedia":[{"embeddable":true,"href":"https:\/\/vasco-translator.pt\/artigos\/wp-json\/wp\/v2\/media\/1397"}],"wp:attachment":[{"href":"https:\/\/vasco-translator.pt\/artigos\/wp-json\/wp\/v2\/media?parent=1395"}],"wp:term":[{"taxonomy":"category","embeddable":true,"href":"https:\/\/vasco-translator.pt\/artigos\/wp-json\/wp\/v2\/categories?post=1395"},{"taxonomy":"post_tag","embeddable":true,"href":"https:\/\/vasco-translator.pt\/artigos\/wp-json\/wp\/v2\/tags?post=1395"}],"curies":[{"name":"wp","href":"https:\/\/api.w.org\/{rel}","templated":true}]}}