{"id":1200,"date":"2023-01-05T08:12:17","date_gmt":"2023-01-05T08:12:17","guid":{"rendered":"https:\/\/vasco-translator.pt\/artigos\/?p=1200"},"modified":"2025-01-29T15:20:37","modified_gmt":"2025-01-29T15:20:37","slug":"vasco-no-ces-em-las-vegas","status":"publish","type":"post","link":"https:\/\/vasco-translator.pt\/artigos\/news\/vasco-no-ces-em-las-vegas\/","title":{"rendered":"Vasco pela terceira vez na CES &#8211; maior feira de eletr\u00f3nica"},"content":{"rendered":"<p>A maior feira de eletr\u00f3nica e novas tecnologias do mundo realiza-se em Las Vegas desde 1967. \u00c9 uma montra de prot\u00f3tipos, inova\u00e7\u00f5es tecnol\u00f3gicas e dos principais fabricantes de eletr\u00f3nica do mundo. Todos os anos, o evento atrai milhares de expositores e participantes de todo o mundo.<\/p>\n<p>Em 2023, a nossa equipa voltou a apresentar ao mundo o que h\u00e1 de mais recente em tecnologia de tradu\u00e7\u00e3o de voz. Os participantes da feira tiveram a oportunidade de testar o nosso mais recente modelo, o <a href='https:\/\/vasco-translator.pt\/tradutor\/vasco-translator-v4'>Vasco Translator V4<\/a>, que entrou no mercado em julho de 2022.<\/p>\n<p>A CES foi tamb\u00e9m uma excelente oportunidade para estabelecermos contactos comerciais. Fomos convidados para uma reuni\u00e3o no gabinete do Governador do Estado do Nevada. Durante esta visita, discutimos com a Ag\u00eancia Polaca de Investimento e Com\u00e9rcio (PAIH) as oportunidades de coopera\u00e7\u00e3o entre os empres\u00e1rios de Crac\u00f3via e as institui\u00e7\u00f5es governamentais locais do estado.<\/p>\n","protected":false},"excerpt":{"rendered":"<p>A maior feira de eletr\u00f3nica e novas tecnologias do mundo realiza-se em Las Vegas desde 1967. \u00c9 uma montra de prot\u00f3tipos, inova\u00e7\u00f5es tecnol\u00f3gicas e dos principais fabricantes de eletr\u00f3nica do mundo. Todos os anos, o evento atrai milhares de expositores e participantes de todo o mundo. Em 2023, a nossa equipa voltou a apresentar ao [&hellip;]<\/p>\n","protected":false},"author":5,"featured_media":1201,"comment_status":"open","ping_status":"open","sticky":false,"template":"","format":"standard","meta":{"_et_pb_use_builder":"","_et_pb_old_content":"","_et_gb_content_width":"","footnotes":""},"categories":[37],"tags":[41],"class_list":["post-1200","post","type-post","status-publish","format-standard","has-post-thumbnail","hentry","category-news","tag-m-baros"],"yoast_head":"<!-- This site is optimized with the Yoast SEO plugin v27.5 - https:\/\/yoast.com\/product\/yoast-seo-wordpress\/ -->\n<title>Vasco pela terceira vez na CES<\/title>\n<meta name=\"description\" content=\"Mais uma vez, apresent\u00e1mos os tradutores Vasco no CES, em Las Vegas: o maior e mais importante evento de tecnologia do mundo.\" \/>\n<meta name=\"robots\" content=\"index, follow, max-snippet:-1, max-image-preview:large, max-video-preview:-1\" \/>\n<link rel=\"canonical\" href=\"https:\/\/vasco-translator.pt\/artigos\/news\/vasco-no-ces-em-las-vegas\/\" \/>\n<meta property=\"og:locale\" content=\"pt_PT\" \/>\n<meta property=\"og:type\" content=\"article\" \/>\n<meta property=\"og:title\" content=\"Vasco pela terceira vez na CES\" \/>\n<meta property=\"og:description\" content=\"Mais uma vez, apresent\u00e1mos os tradutores Vasco no CES, em Las Vegas: o maior e mais importante evento de tecnologia do mundo.\" \/>\n<meta property=\"og:url\" content=\"https:\/\/vasco-translator.pt\/artigos\/news\/vasco-no-ces-em-las-vegas\/\" \/>\n<meta property=\"og:site_name\" content=\"Vasco Blog | Explorar factos sobre l\u00ednguas e viagens\" \/>\n<meta property=\"article:published_time\" content=\"2023-01-05T08:12:17+00:00\" \/>\n<meta property=\"article:modified_time\" content=\"2025-01-29T15:20:37+00:00\" \/>\n<meta property=\"og:image\" content=\"https:\/\/vasco-translator.pt\/artigos\/wp-content\/uploads\/2024\/01\/News-6-scaled.jpg\" \/>\n\t<meta property=\"og:image:width\" content=\"2560\" \/>\n\t<meta property=\"og:image:height\" content=\"1707\" \/>\n\t<meta property=\"og:image:type\" content=\"image\/jpeg\" \/>\n<meta name=\"author\" content=\"Marta Baros\" \/>\n<meta name=\"twitter:card\" content=\"summary_large_image\" \/>\n<meta name=\"twitter:label1\" content=\"Escrito por\" \/>\n\t<meta name=\"twitter:data1\" content=\"Marta Baros\" \/>\n\t<meta name=\"twitter:label2\" content=\"Tempo estimado de leitura\" \/>\n\t<meta name=\"twitter:data2\" content=\"2 minutos\" \/>\n<script type=\"application\/ld+json\" class=\"yoast-schema-graph\">{\"@context\":\"https:\\\/\\\/schema.org\",\"@graph\":[{\"@type\":\"Article\",\"@id\":\"https:\\\/\\\/vasco-translator.pt\\\/artigos\\\/news\\\/vasco-no-ces-em-las-vegas\\\/#article\",\"isPartOf\":{\"@id\":\"https:\\\/\\\/vasco-translator.pt\\\/artigos\\\/news\\\/vasco-no-ces-em-las-vegas\\\/\"},\"author\":{\"name\":\"Marta Baros\",\"@id\":\"https:\\\/\\\/vasco-translator.pt\\\/artigos\\\/#\\\/schema\\\/person\\\/ad838e1c8facc051c1edbd423497aa9c\"},\"headline\":\"Vasco pela terceira vez na CES &#8211; maior feira de eletr\u00f3nica\",\"datePublished\":\"2023-01-05T08:12:17+00:00\",\"dateModified\":\"2025-01-29T15:20:37+00:00\",\"mainEntityOfPage\":{\"@id\":\"https:\\\/\\\/vasco-translator.pt\\\/artigos\\\/news\\\/vasco-no-ces-em-las-vegas\\\/\"},\"wordCount\":169,\"commentCount\":0,\"image\":{\"@id\":\"https:\\\/\\\/vasco-translator.pt\\\/artigos\\\/news\\\/vasco-no-ces-em-las-vegas\\\/#primaryimage\"},\"thumbnailUrl\":\"https:\\\/\\\/vasco-translator.pt\\\/artigos\\\/wp-content\\\/uploads\\\/2024\\\/01\\\/News-6-scaled.jpg\",\"keywords\":[\"Marta Baros\"],\"articleSection\":[\"Not\u00edcias\"],\"inLanguage\":\"pt-PT\",\"potentialAction\":[{\"@type\":\"CommentAction\",\"name\":\"Comment\",\"target\":[\"https:\\\/\\\/vasco-translator.pt\\\/artigos\\\/news\\\/vasco-no-ces-em-las-vegas\\\/#respond\"]}],\"timeRequired\":\"PT1M\"},{\"@type\":\"WebPage\",\"@id\":\"https:\\\/\\\/vasco-translator.pt\\\/artigos\\\/news\\\/vasco-no-ces-em-las-vegas\\\/\",\"url\":\"https:\\\/\\\/vasco-translator.pt\\\/artigos\\\/news\\\/vasco-no-ces-em-las-vegas\\\/\",\"name\":\"Vasco pela terceira vez na CES\",\"isPartOf\":{\"@id\":\"https:\\\/\\\/vasco-translator.pt\\\/artigos\\\/#website\"},\"primaryImageOfPage\":{\"@id\":\"https:\\\/\\\/vasco-translator.pt\\\/artigos\\\/news\\\/vasco-no-ces-em-las-vegas\\\/#primaryimage\"},\"image\":{\"@id\":\"https:\\\/\\\/vasco-translator.pt\\\/artigos\\\/news\\\/vasco-no-ces-em-las-vegas\\\/#primaryimage\"},\"thumbnailUrl\":\"https:\\\/\\\/vasco-translator.pt\\\/artigos\\\/wp-content\\\/uploads\\\/2024\\\/01\\\/News-6-scaled.jpg\",\"datePublished\":\"2023-01-05T08:12:17+00:00\",\"dateModified\":\"2025-01-29T15:20:37+00:00\",\"author\":{\"@id\":\"https:\\\/\\\/vasco-translator.pt\\\/artigos\\\/#\\\/schema\\\/person\\\/ad838e1c8facc051c1edbd423497aa9c\"},\"description\":\"Mais uma vez, apresent\u00e1mos os tradutores Vasco no CES, em Las Vegas: o maior e mais importante evento de tecnologia do mundo.\",\"breadcrumb\":{\"@id\":\"https:\\\/\\\/vasco-translator.pt\\\/artigos\\\/news\\\/vasco-no-ces-em-las-vegas\\\/#breadcrumb\"},\"inLanguage\":\"pt-PT\",\"potentialAction\":[{\"@type\":\"ReadAction\",\"target\":[\"https:\\\/\\\/vasco-translator.pt\\\/artigos\\\/news\\\/vasco-no-ces-em-las-vegas\\\/\"]}]},{\"@type\":\"ImageObject\",\"inLanguage\":\"pt-PT\",\"@id\":\"https:\\\/\\\/vasco-translator.pt\\\/artigos\\\/news\\\/vasco-no-ces-em-las-vegas\\\/#primaryimage\",\"url\":\"https:\\\/\\\/vasco-translator.pt\\\/artigos\\\/wp-content\\\/uploads\\\/2024\\\/01\\\/News-6-scaled.jpg\",\"contentUrl\":\"https:\\\/\\\/vasco-translator.pt\\\/artigos\\\/wp-content\\\/uploads\\\/2024\\\/01\\\/News-6-scaled.jpg\",\"width\":2560,\"height\":1707,\"caption\":\"Vasco no CES em Las Vegas\"},{\"@type\":\"BreadcrumbList\",\"@id\":\"https:\\\/\\\/vasco-translator.pt\\\/artigos\\\/news\\\/vasco-no-ces-em-las-vegas\\\/#breadcrumb\",\"itemListElement\":[{\"@type\":\"ListItem\",\"position\":1,\"name\":\"Home\",\"item\":\"https:\\\/\\\/vasco-translator.pt\\\/artigos\\\/\"},{\"@type\":\"ListItem\",\"position\":2,\"name\":\"Not\u00edcias\",\"item\":\"https:\\\/\\\/vasco-translator.pt\\\/artigos\\\/category\\\/news\\\/\"},{\"@type\":\"ListItem\",\"position\":3,\"name\":\"Vasco pela terceira vez na CES &#8211; maior feira de eletr\u00f3nica\",\"item\":{\"@id\":\"https:\\\/\\\/vasco-translator.pt\\\/artigos\\\/wp-json\\\/wp\\\/v2\\\/posts\\\/1200\"}}]},{\"@type\":\"WebSite\",\"@id\":\"https:\\\/\\\/vasco-translator.pt\\\/artigos\\\/#website\",\"url\":\"https:\\\/\\\/vasco-translator.pt\\\/artigos\\\/\",\"name\":\"Vasco Blog | Explorar factos sobre l\u00ednguas e viagens\",\"description\":\"Descubra o fascinante mundo das l\u00ednguas e das viagens com o Vasco. Mergulhe em artigos, dicas e ideias que o ajudam a tirar o m\u00e1ximo partido das suas viagens.\",\"potentialAction\":[{\"@type\":\"SearchAction\",\"target\":{\"@type\":\"EntryPoint\",\"urlTemplate\":\"https:\\\/\\\/vasco-translator.pt\\\/artigos\\\/?s={search_term_string}\"},\"query-input\":{\"@type\":\"PropertyValueSpecification\",\"valueRequired\":true,\"valueName\":\"search_term_string\"}}],\"inLanguage\":\"pt-PT\"},{\"@type\":\"Person\",\"@id\":\"https:\\\/\\\/vasco-translator.pt\\\/artigos\\\/#\\\/schema\\\/person\\\/ad838e1c8facc051c1edbd423497aa9c\",\"name\":\"Marta Baros\",\"image\":{\"@type\":\"ImageObject\",\"inLanguage\":\"pt-PT\",\"@id\":\"https:\\\/\\\/secure.gravatar.com\\\/avatar\\\/6519bc375e3db1c8ee762ed2a67d1c58241b8f9636de8ad9a57863fcd4c74556?s=96&d=mm&r=g\",\"url\":\"https:\\\/\\\/secure.gravatar.com\\\/avatar\\\/6519bc375e3db1c8ee762ed2a67d1c58241b8f9636de8ad9a57863fcd4c74556?s=96&d=mm&r=g\",\"contentUrl\":\"https:\\\/\\\/secure.gravatar.com\\\/avatar\\\/6519bc375e3db1c8ee762ed2a67d1c58241b8f9636de8ad9a57863fcd4c74556?s=96&d=mm&r=g\",\"caption\":\"Marta Baros\"},\"description\":\"Com a sua experi\u00eancia de 9 anos em rela\u00e7\u00f5es p\u00fablicas, cuida da imagem da marca Vasco e dos seus produtos. Para al\u00e9m de trabalhar com os meios de comunica\u00e7\u00e3o social e os parceiros, tamb\u00e9m se ocupa das atividades de responsabilidade social. Fora do trabalho, a Marta \u00e9 uma \u00e1vida viajante. Podemos encontr\u00e1-la frequentemente a percorrer um trilho de montanha ou a andar de bicicleta.\",\"url\":\"https:\\\/\\\/vasco-translator.pt\\\/artigos\\\/autor\\\/m-baros\\\/\"}]}<\/script>\n<!-- \/ Yoast SEO plugin. -->","yoast_head_json":{"title":"Vasco pela terceira vez na CES","description":"Mais uma vez, apresent\u00e1mos os tradutores Vasco no CES, em Las Vegas: o maior e mais importante evento de tecnologia do mundo.","robots":{"index":"index","follow":"follow","max-snippet":"max-snippet:-1","max-image-preview":"max-image-preview:large","max-video-preview":"max-video-preview:-1"},"canonical":"https:\/\/vasco-translator.pt\/artigos\/news\/vasco-no-ces-em-las-vegas\/","og_locale":"pt_PT","og_type":"article","og_title":"Vasco pela terceira vez na CES","og_description":"Mais uma vez, apresent\u00e1mos os tradutores Vasco no CES, em Las Vegas: o maior e mais importante evento de tecnologia do mundo.","og_url":"https:\/\/vasco-translator.pt\/artigos\/news\/vasco-no-ces-em-las-vegas\/","og_site_name":"Vasco Blog | Explorar factos sobre l\u00ednguas e viagens","article_published_time":"2023-01-05T08:12:17+00:00","article_modified_time":"2025-01-29T15:20:37+00:00","og_image":[{"width":2560,"height":1707,"url":"https:\/\/vasco-translator.pt\/artigos\/wp-content\/uploads\/2024\/01\/News-6-scaled.jpg","type":"image\/jpeg"}],"author":"Marta Baros","twitter_card":"summary_large_image","twitter_misc":{"Escrito por":"Marta Baros","Tempo estimado de leitura":"2 minutos"},"schema":{"@context":"https:\/\/schema.org","@graph":[{"@type":"Article","@id":"https:\/\/vasco-translator.pt\/artigos\/news\/vasco-no-ces-em-las-vegas\/#article","isPartOf":{"@id":"https:\/\/vasco-translator.pt\/artigos\/news\/vasco-no-ces-em-las-vegas\/"},"author":{"name":"Marta Baros","@id":"https:\/\/vasco-translator.pt\/artigos\/#\/schema\/person\/ad838e1c8facc051c1edbd423497aa9c"},"headline":"Vasco pela terceira vez na CES &#8211; maior feira de eletr\u00f3nica","datePublished":"2023-01-05T08:12:17+00:00","dateModified":"2025-01-29T15:20:37+00:00","mainEntityOfPage":{"@id":"https:\/\/vasco-translator.pt\/artigos\/news\/vasco-no-ces-em-las-vegas\/"},"wordCount":169,"commentCount":0,"image":{"@id":"https:\/\/vasco-translator.pt\/artigos\/news\/vasco-no-ces-em-las-vegas\/#primaryimage"},"thumbnailUrl":"https:\/\/vasco-translator.pt\/artigos\/wp-content\/uploads\/2024\/01\/News-6-scaled.jpg","keywords":["Marta Baros"],"articleSection":["Not\u00edcias"],"inLanguage":"pt-PT","potentialAction":[{"@type":"CommentAction","name":"Comment","target":["https:\/\/vasco-translator.pt\/artigos\/news\/vasco-no-ces-em-las-vegas\/#respond"]}],"timeRequired":"PT1M"},{"@type":"WebPage","@id":"https:\/\/vasco-translator.pt\/artigos\/news\/vasco-no-ces-em-las-vegas\/","url":"https:\/\/vasco-translator.pt\/artigos\/news\/vasco-no-ces-em-las-vegas\/","name":"Vasco pela terceira vez na CES","isPartOf":{"@id":"https:\/\/vasco-translator.pt\/artigos\/#website"},"primaryImageOfPage":{"@id":"https:\/\/vasco-translator.pt\/artigos\/news\/vasco-no-ces-em-las-vegas\/#primaryimage"},"image":{"@id":"https:\/\/vasco-translator.pt\/artigos\/news\/vasco-no-ces-em-las-vegas\/#primaryimage"},"thumbnailUrl":"https:\/\/vasco-translator.pt\/artigos\/wp-content\/uploads\/2024\/01\/News-6-scaled.jpg","datePublished":"2023-01-05T08:12:17+00:00","dateModified":"2025-01-29T15:20:37+00:00","author":{"@id":"https:\/\/vasco-translator.pt\/artigos\/#\/schema\/person\/ad838e1c8facc051c1edbd423497aa9c"},"description":"Mais uma vez, apresent\u00e1mos os tradutores Vasco no CES, em Las Vegas: o maior e mais importante evento de tecnologia do mundo.","breadcrumb":{"@id":"https:\/\/vasco-translator.pt\/artigos\/news\/vasco-no-ces-em-las-vegas\/#breadcrumb"},"inLanguage":"pt-PT","potentialAction":[{"@type":"ReadAction","target":["https:\/\/vasco-translator.pt\/artigos\/news\/vasco-no-ces-em-las-vegas\/"]}]},{"@type":"ImageObject","inLanguage":"pt-PT","@id":"https:\/\/vasco-translator.pt\/artigos\/news\/vasco-no-ces-em-las-vegas\/#primaryimage","url":"https:\/\/vasco-translator.pt\/artigos\/wp-content\/uploads\/2024\/01\/News-6-scaled.jpg","contentUrl":"https:\/\/vasco-translator.pt\/artigos\/wp-content\/uploads\/2024\/01\/News-6-scaled.jpg","width":2560,"height":1707,"caption":"Vasco no CES em Las Vegas"},{"@type":"BreadcrumbList","@id":"https:\/\/vasco-translator.pt\/artigos\/news\/vasco-no-ces-em-las-vegas\/#breadcrumb","itemListElement":[{"@type":"ListItem","position":1,"name":"Home","item":"https:\/\/vasco-translator.pt\/artigos\/"},{"@type":"ListItem","position":2,"name":"Not\u00edcias","item":"https:\/\/vasco-translator.pt\/artigos\/category\/news\/"},{"@type":"ListItem","position":3,"name":"Vasco pela terceira vez na CES &#8211; maior feira de eletr\u00f3nica","item":{"@id":"https:\/\/vasco-translator.pt\/artigos\/wp-json\/wp\/v2\/posts\/1200"}}]},{"@type":"WebSite","@id":"https:\/\/vasco-translator.pt\/artigos\/#website","url":"https:\/\/vasco-translator.pt\/artigos\/","name":"Vasco Blog | Explorar factos sobre l\u00ednguas e viagens","description":"Descubra o fascinante mundo das l\u00ednguas e das viagens com o Vasco. Mergulhe em artigos, dicas e ideias que o ajudam a tirar o m\u00e1ximo partido das suas viagens.","potentialAction":[{"@type":"SearchAction","target":{"@type":"EntryPoint","urlTemplate":"https:\/\/vasco-translator.pt\/artigos\/?s={search_term_string}"},"query-input":{"@type":"PropertyValueSpecification","valueRequired":true,"valueName":"search_term_string"}}],"inLanguage":"pt-PT"},{"@type":"Person","@id":"https:\/\/vasco-translator.pt\/artigos\/#\/schema\/person\/ad838e1c8facc051c1edbd423497aa9c","name":"Marta Baros","image":{"@type":"ImageObject","inLanguage":"pt-PT","@id":"https:\/\/secure.gravatar.com\/avatar\/6519bc375e3db1c8ee762ed2a67d1c58241b8f9636de8ad9a57863fcd4c74556?s=96&d=mm&r=g","url":"https:\/\/secure.gravatar.com\/avatar\/6519bc375e3db1c8ee762ed2a67d1c58241b8f9636de8ad9a57863fcd4c74556?s=96&d=mm&r=g","contentUrl":"https:\/\/secure.gravatar.com\/avatar\/6519bc375e3db1c8ee762ed2a67d1c58241b8f9636de8ad9a57863fcd4c74556?s=96&d=mm&r=g","caption":"Marta Baros"},"description":"Com a sua experi\u00eancia de 9 anos em rela\u00e7\u00f5es p\u00fablicas, cuida da imagem da marca Vasco e dos seus produtos. Para al\u00e9m de trabalhar com os meios de comunica\u00e7\u00e3o social e os parceiros, tamb\u00e9m se ocupa das atividades de responsabilidade social. Fora do trabalho, a Marta \u00e9 uma \u00e1vida viajante. Podemos encontr\u00e1-la frequentemente a percorrer um trilho de montanha ou a andar de bicicleta.","url":"https:\/\/vasco-translator.pt\/artigos\/autor\/m-baros\/"}]}},"_links":{"self":[{"href":"https:\/\/vasco-translator.pt\/artigos\/wp-json\/wp\/v2\/posts\/1200","targetHints":{"allow":["GET"]}}],"collection":[{"href":"https:\/\/vasco-translator.pt\/artigos\/wp-json\/wp\/v2\/posts"}],"about":[{"href":"https:\/\/vasco-translator.pt\/artigos\/wp-json\/wp\/v2\/types\/post"}],"author":[{"embeddable":true,"href":"https:\/\/vasco-translator.pt\/artigos\/wp-json\/wp\/v2\/users\/5"}],"replies":[{"embeddable":true,"href":"https:\/\/vasco-translator.pt\/artigos\/wp-json\/wp\/v2\/comments?post=1200"}],"version-history":[{"count":4,"href":"https:\/\/vasco-translator.pt\/artigos\/wp-json\/wp\/v2\/posts\/1200\/revisions"}],"predecessor-version":[{"id":1516,"href":"https:\/\/vasco-translator.pt\/artigos\/wp-json\/wp\/v2\/posts\/1200\/revisions\/1516"}],"wp:featuredmedia":[{"embeddable":true,"href":"https:\/\/vasco-translator.pt\/artigos\/wp-json\/wp\/v2\/media\/1201"}],"wp:attachment":[{"href":"https:\/\/vasco-translator.pt\/artigos\/wp-json\/wp\/v2\/media?parent=1200"}],"wp:term":[{"taxonomy":"category","embeddable":true,"href":"https:\/\/vasco-translator.pt\/artigos\/wp-json\/wp\/v2\/categories?post=1200"},{"taxonomy":"post_tag","embeddable":true,"href":"https:\/\/vasco-translator.pt\/artigos\/wp-json\/wp\/v2\/tags?post=1200"}],"curies":[{"name":"wp","href":"https:\/\/api.w.org\/{rel}","templated":true}]}}