{"id":1194,"date":"2023-05-01T08:05:06","date_gmt":"2023-05-01T08:05:06","guid":{"rendered":"https:\/\/vasco-translator.pt\/artigos\/?p=1194"},"modified":"2025-01-29T15:18:30","modified_gmt":"2025-01-29T15:18:30","slug":"nova-identidade-visual-do-vasco","status":"publish","type":"post","link":"https:\/\/vasco-translator.pt\/artigos\/news\/nova-identidade-visual-do-vasco\/","title":{"rendered":"Nova identidade visual do Vasco"},"content":{"rendered":"<p>Est\u00e1 na altura das grandes novidades! Em 2023, o Vasco celebra o seu 15\u00ba anivers\u00e1rio. Para assinalar a ocasi\u00e3o, decidimos renovar a nossa imagem.<\/p>\n<p>Durante v\u00e1rios meses, trabalh\u00e1mos para tornar a sua experi\u00eancia com o Vasco ainda mais agrad\u00e1vel. O nosso log\u00f3tipo, os visuais, as descri\u00e7\u00f5es dos dispositivos e a acessibilidade da informa\u00e7\u00e3o pretendem ser t\u00e3o simples como viajar com o Vasco Translator.<\/p>\n<p>Durante todo o processo, cont\u00e1mos com o apoio de um est\u00fadio de design da marca &#8211; Studio Otwarte, em Crac\u00f3via.<\/p>\n","protected":false},"excerpt":{"rendered":"<p>Est\u00e1 na altura das grandes novidades! Em 2023, o Vasco celebra o seu 15\u00ba anivers\u00e1rio. Para assinalar a ocasi\u00e3o, decidimos renovar a nossa imagem. Durante v\u00e1rios meses, trabalh\u00e1mos para tornar a sua experi\u00eancia com o Vasco ainda mais agrad\u00e1vel. O nosso log\u00f3tipo, os visuais, as descri\u00e7\u00f5es dos dispositivos e a acessibilidade da informa\u00e7\u00e3o pretendem ser [&hellip;]<\/p>\n","protected":false},"author":5,"featured_media":1195,"comment_status":"open","ping_status":"open","sticky":false,"template":"","format":"standard","meta":{"_et_pb_use_builder":"","_et_pb_old_content":"","_et_gb_content_width":"","footnotes":""},"categories":[37],"tags":[41],"class_list":["post-1194","post","type-post","status-publish","format-standard","has-post-thumbnail","hentry","category-news","tag-m-baros"],"yoast_head":"<!-- This site is optimized with the Yoast SEO plugin v27.5 - https:\/\/yoast.com\/product\/yoast-seo-wordpress\/ -->\n<title>Nova identidade visual do Vasco<\/title>\n<meta name=\"description\" content=\"Em 2023, cri\u00e1mos uma nova forma de comunica\u00e7\u00e3o visual e escrita. O log\u00f3tipo, os elementos visuais, as descri\u00e7\u00f5es dos dispositivos e a acessibilidade das informa\u00e7\u00f5es foram todos alterados.\" \/>\n<meta name=\"robots\" content=\"index, follow, max-snippet:-1, max-image-preview:large, max-video-preview:-1\" \/>\n<link rel=\"canonical\" href=\"https:\/\/vasco-translator.pt\/artigos\/news\/nova-identidade-visual-do-vasco\/\" \/>\n<meta property=\"og:locale\" content=\"pt_PT\" \/>\n<meta property=\"og:type\" content=\"article\" \/>\n<meta property=\"og:title\" content=\"Nova identidade visual do Vasco\" \/>\n<meta property=\"og:description\" content=\"Em 2023, cri\u00e1mos uma nova forma de comunica\u00e7\u00e3o visual e escrita. O log\u00f3tipo, os elementos visuais, as descri\u00e7\u00f5es dos dispositivos e a acessibilidade das informa\u00e7\u00f5es foram todos alterados.\" \/>\n<meta property=\"og:url\" content=\"https:\/\/vasco-translator.pt\/artigos\/news\/nova-identidade-visual-do-vasco\/\" \/>\n<meta property=\"og:site_name\" content=\"Vasco Blog | Explorar factos sobre l\u00ednguas e viagens\" \/>\n<meta property=\"article:published_time\" content=\"2023-05-01T08:05:06+00:00\" \/>\n<meta property=\"article:modified_time\" content=\"2025-01-29T15:18:30+00:00\" \/>\n<meta property=\"og:image\" content=\"https:\/\/vasco-translator.pt\/artigos\/wp-content\/uploads\/2024\/01\/news-4.jpeg\" \/>\n\t<meta property=\"og:image:width\" content=\"1620\" \/>\n\t<meta property=\"og:image:height\" content=\"1621\" \/>\n\t<meta property=\"og:image:type\" content=\"image\/jpeg\" \/>\n<meta name=\"author\" content=\"Marta Baros\" \/>\n<meta name=\"twitter:card\" content=\"summary_large_image\" \/>\n<meta name=\"twitter:label1\" content=\"Escrito por\" \/>\n\t<meta name=\"twitter:data1\" content=\"Marta Baros\" \/>\n\t<meta name=\"twitter:label2\" content=\"Tempo estimado de leitura\" \/>\n\t<meta name=\"twitter:data2\" content=\"1 minuto\" \/>\n<script type=\"application\/ld+json\" class=\"yoast-schema-graph\">{\"@context\":\"https:\\\/\\\/schema.org\",\"@graph\":[{\"@type\":\"Article\",\"@id\":\"https:\\\/\\\/vasco-translator.pt\\\/artigos\\\/news\\\/nova-identidade-visual-do-vasco\\\/#article\",\"isPartOf\":{\"@id\":\"https:\\\/\\\/vasco-translator.pt\\\/artigos\\\/news\\\/nova-identidade-visual-do-vasco\\\/\"},\"author\":{\"name\":\"Marta Baros\",\"@id\":\"https:\\\/\\\/vasco-translator.pt\\\/artigos\\\/#\\\/schema\\\/person\\\/ad838e1c8facc051c1edbd423497aa9c\"},\"headline\":\"Nova identidade visual do Vasco\",\"datePublished\":\"2023-05-01T08:05:06+00:00\",\"dateModified\":\"2025-01-29T15:18:30+00:00\",\"mainEntityOfPage\":{\"@id\":\"https:\\\/\\\/vasco-translator.pt\\\/artigos\\\/news\\\/nova-identidade-visual-do-vasco\\\/\"},\"wordCount\":99,\"commentCount\":0,\"image\":{\"@id\":\"https:\\\/\\\/vasco-translator.pt\\\/artigos\\\/news\\\/nova-identidade-visual-do-vasco\\\/#primaryimage\"},\"thumbnailUrl\":\"https:\\\/\\\/vasco-translator.pt\\\/artigos\\\/wp-content\\\/uploads\\\/2024\\\/01\\\/news-4.jpeg\",\"keywords\":[\"Marta Baros\"],\"articleSection\":[\"Not\u00edcias\"],\"inLanguage\":\"pt-PT\",\"potentialAction\":[{\"@type\":\"CommentAction\",\"name\":\"Comment\",\"target\":[\"https:\\\/\\\/vasco-translator.pt\\\/artigos\\\/news\\\/nova-identidade-visual-do-vasco\\\/#respond\"]}],\"timeRequired\":\"PT1M\"},{\"@type\":\"WebPage\",\"@id\":\"https:\\\/\\\/vasco-translator.pt\\\/artigos\\\/news\\\/nova-identidade-visual-do-vasco\\\/\",\"url\":\"https:\\\/\\\/vasco-translator.pt\\\/artigos\\\/news\\\/nova-identidade-visual-do-vasco\\\/\",\"name\":\"Nova identidade visual do Vasco\",\"isPartOf\":{\"@id\":\"https:\\\/\\\/vasco-translator.pt\\\/artigos\\\/#website\"},\"primaryImageOfPage\":{\"@id\":\"https:\\\/\\\/vasco-translator.pt\\\/artigos\\\/news\\\/nova-identidade-visual-do-vasco\\\/#primaryimage\"},\"image\":{\"@id\":\"https:\\\/\\\/vasco-translator.pt\\\/artigos\\\/news\\\/nova-identidade-visual-do-vasco\\\/#primaryimage\"},\"thumbnailUrl\":\"https:\\\/\\\/vasco-translator.pt\\\/artigos\\\/wp-content\\\/uploads\\\/2024\\\/01\\\/news-4.jpeg\",\"datePublished\":\"2023-05-01T08:05:06+00:00\",\"dateModified\":\"2025-01-29T15:18:30+00:00\",\"author\":{\"@id\":\"https:\\\/\\\/vasco-translator.pt\\\/artigos\\\/#\\\/schema\\\/person\\\/ad838e1c8facc051c1edbd423497aa9c\"},\"description\":\"Em 2023, cri\u00e1mos uma nova forma de comunica\u00e7\u00e3o visual e escrita. O log\u00f3tipo, os elementos visuais, as descri\u00e7\u00f5es dos dispositivos e a acessibilidade das informa\u00e7\u00f5es foram todos alterados.\",\"breadcrumb\":{\"@id\":\"https:\\\/\\\/vasco-translator.pt\\\/artigos\\\/news\\\/nova-identidade-visual-do-vasco\\\/#breadcrumb\"},\"inLanguage\":\"pt-PT\",\"potentialAction\":[{\"@type\":\"ReadAction\",\"target\":[\"https:\\\/\\\/vasco-translator.pt\\\/artigos\\\/news\\\/nova-identidade-visual-do-vasco\\\/\"]}]},{\"@type\":\"ImageObject\",\"inLanguage\":\"pt-PT\",\"@id\":\"https:\\\/\\\/vasco-translator.pt\\\/artigos\\\/news\\\/nova-identidade-visual-do-vasco\\\/#primaryimage\",\"url\":\"https:\\\/\\\/vasco-translator.pt\\\/artigos\\\/wp-content\\\/uploads\\\/2024\\\/01\\\/news-4.jpeg\",\"contentUrl\":\"https:\\\/\\\/vasco-translator.pt\\\/artigos\\\/wp-content\\\/uploads\\\/2024\\\/01\\\/news-4.jpeg\",\"width\":1620,\"height\":1621,\"caption\":\"Nova identidade visual do Vasco\"},{\"@type\":\"BreadcrumbList\",\"@id\":\"https:\\\/\\\/vasco-translator.pt\\\/artigos\\\/news\\\/nova-identidade-visual-do-vasco\\\/#breadcrumb\",\"itemListElement\":[{\"@type\":\"ListItem\",\"position\":1,\"name\":\"Home\",\"item\":\"https:\\\/\\\/vasco-translator.pt\\\/artigos\\\/\"},{\"@type\":\"ListItem\",\"position\":2,\"name\":\"Not\u00edcias\",\"item\":\"https:\\\/\\\/vasco-translator.pt\\\/artigos\\\/category\\\/news\\\/\"},{\"@type\":\"ListItem\",\"position\":3,\"name\":\"Nova identidade visual do Vasco\",\"item\":{\"@id\":\"https:\\\/\\\/vasco-translator.pt\\\/artigos\\\/wp-json\\\/wp\\\/v2\\\/posts\\\/1194\"}}]},{\"@type\":\"WebSite\",\"@id\":\"https:\\\/\\\/vasco-translator.pt\\\/artigos\\\/#website\",\"url\":\"https:\\\/\\\/vasco-translator.pt\\\/artigos\\\/\",\"name\":\"Vasco Blog | Explorar factos sobre l\u00ednguas e viagens\",\"description\":\"Descubra o fascinante mundo das l\u00ednguas e das viagens com o Vasco. Mergulhe em artigos, dicas e ideias que o ajudam a tirar o m\u00e1ximo partido das suas viagens.\",\"potentialAction\":[{\"@type\":\"SearchAction\",\"target\":{\"@type\":\"EntryPoint\",\"urlTemplate\":\"https:\\\/\\\/vasco-translator.pt\\\/artigos\\\/?s={search_term_string}\"},\"query-input\":{\"@type\":\"PropertyValueSpecification\",\"valueRequired\":true,\"valueName\":\"search_term_string\"}}],\"inLanguage\":\"pt-PT\"},{\"@type\":\"Person\",\"@id\":\"https:\\\/\\\/vasco-translator.pt\\\/artigos\\\/#\\\/schema\\\/person\\\/ad838e1c8facc051c1edbd423497aa9c\",\"name\":\"Marta Baros\",\"image\":{\"@type\":\"ImageObject\",\"inLanguage\":\"pt-PT\",\"@id\":\"https:\\\/\\\/secure.gravatar.com\\\/avatar\\\/6519bc375e3db1c8ee762ed2a67d1c58241b8f9636de8ad9a57863fcd4c74556?s=96&d=mm&r=g\",\"url\":\"https:\\\/\\\/secure.gravatar.com\\\/avatar\\\/6519bc375e3db1c8ee762ed2a67d1c58241b8f9636de8ad9a57863fcd4c74556?s=96&d=mm&r=g\",\"contentUrl\":\"https:\\\/\\\/secure.gravatar.com\\\/avatar\\\/6519bc375e3db1c8ee762ed2a67d1c58241b8f9636de8ad9a57863fcd4c74556?s=96&d=mm&r=g\",\"caption\":\"Marta Baros\"},\"description\":\"Com a sua experi\u00eancia de 9 anos em rela\u00e7\u00f5es p\u00fablicas, cuida da imagem da marca Vasco e dos seus produtos. Para al\u00e9m de trabalhar com os meios de comunica\u00e7\u00e3o social e os parceiros, tamb\u00e9m se ocupa das atividades de responsabilidade social. Fora do trabalho, a Marta \u00e9 uma \u00e1vida viajante. Podemos encontr\u00e1-la frequentemente a percorrer um trilho de montanha ou a andar de bicicleta.\",\"url\":\"https:\\\/\\\/vasco-translator.pt\\\/artigos\\\/autor\\\/m-baros\\\/\"}]}<\/script>\n<!-- \/ Yoast SEO plugin. -->","yoast_head_json":{"title":"Nova identidade visual do Vasco","description":"Em 2023, cri\u00e1mos uma nova forma de comunica\u00e7\u00e3o visual e escrita. O log\u00f3tipo, os elementos visuais, as descri\u00e7\u00f5es dos dispositivos e a acessibilidade das informa\u00e7\u00f5es foram todos alterados.","robots":{"index":"index","follow":"follow","max-snippet":"max-snippet:-1","max-image-preview":"max-image-preview:large","max-video-preview":"max-video-preview:-1"},"canonical":"https:\/\/vasco-translator.pt\/artigos\/news\/nova-identidade-visual-do-vasco\/","og_locale":"pt_PT","og_type":"article","og_title":"Nova identidade visual do Vasco","og_description":"Em 2023, cri\u00e1mos uma nova forma de comunica\u00e7\u00e3o visual e escrita. O log\u00f3tipo, os elementos visuais, as descri\u00e7\u00f5es dos dispositivos e a acessibilidade das informa\u00e7\u00f5es foram todos alterados.","og_url":"https:\/\/vasco-translator.pt\/artigos\/news\/nova-identidade-visual-do-vasco\/","og_site_name":"Vasco Blog | Explorar factos sobre l\u00ednguas e viagens","article_published_time":"2023-05-01T08:05:06+00:00","article_modified_time":"2025-01-29T15:18:30+00:00","og_image":[{"width":1620,"height":1621,"url":"https:\/\/vasco-translator.pt\/artigos\/wp-content\/uploads\/2024\/01\/news-4.jpeg","type":"image\/jpeg"}],"author":"Marta Baros","twitter_card":"summary_large_image","twitter_misc":{"Escrito por":"Marta Baros","Tempo estimado de leitura":"1 minuto"},"schema":{"@context":"https:\/\/schema.org","@graph":[{"@type":"Article","@id":"https:\/\/vasco-translator.pt\/artigos\/news\/nova-identidade-visual-do-vasco\/#article","isPartOf":{"@id":"https:\/\/vasco-translator.pt\/artigos\/news\/nova-identidade-visual-do-vasco\/"},"author":{"name":"Marta Baros","@id":"https:\/\/vasco-translator.pt\/artigos\/#\/schema\/person\/ad838e1c8facc051c1edbd423497aa9c"},"headline":"Nova identidade visual do Vasco","datePublished":"2023-05-01T08:05:06+00:00","dateModified":"2025-01-29T15:18:30+00:00","mainEntityOfPage":{"@id":"https:\/\/vasco-translator.pt\/artigos\/news\/nova-identidade-visual-do-vasco\/"},"wordCount":99,"commentCount":0,"image":{"@id":"https:\/\/vasco-translator.pt\/artigos\/news\/nova-identidade-visual-do-vasco\/#primaryimage"},"thumbnailUrl":"https:\/\/vasco-translator.pt\/artigos\/wp-content\/uploads\/2024\/01\/news-4.jpeg","keywords":["Marta Baros"],"articleSection":["Not\u00edcias"],"inLanguage":"pt-PT","potentialAction":[{"@type":"CommentAction","name":"Comment","target":["https:\/\/vasco-translator.pt\/artigos\/news\/nova-identidade-visual-do-vasco\/#respond"]}],"timeRequired":"PT1M"},{"@type":"WebPage","@id":"https:\/\/vasco-translator.pt\/artigos\/news\/nova-identidade-visual-do-vasco\/","url":"https:\/\/vasco-translator.pt\/artigos\/news\/nova-identidade-visual-do-vasco\/","name":"Nova identidade visual do Vasco","isPartOf":{"@id":"https:\/\/vasco-translator.pt\/artigos\/#website"},"primaryImageOfPage":{"@id":"https:\/\/vasco-translator.pt\/artigos\/news\/nova-identidade-visual-do-vasco\/#primaryimage"},"image":{"@id":"https:\/\/vasco-translator.pt\/artigos\/news\/nova-identidade-visual-do-vasco\/#primaryimage"},"thumbnailUrl":"https:\/\/vasco-translator.pt\/artigos\/wp-content\/uploads\/2024\/01\/news-4.jpeg","datePublished":"2023-05-01T08:05:06+00:00","dateModified":"2025-01-29T15:18:30+00:00","author":{"@id":"https:\/\/vasco-translator.pt\/artigos\/#\/schema\/person\/ad838e1c8facc051c1edbd423497aa9c"},"description":"Em 2023, cri\u00e1mos uma nova forma de comunica\u00e7\u00e3o visual e escrita. O log\u00f3tipo, os elementos visuais, as descri\u00e7\u00f5es dos dispositivos e a acessibilidade das informa\u00e7\u00f5es foram todos alterados.","breadcrumb":{"@id":"https:\/\/vasco-translator.pt\/artigos\/news\/nova-identidade-visual-do-vasco\/#breadcrumb"},"inLanguage":"pt-PT","potentialAction":[{"@type":"ReadAction","target":["https:\/\/vasco-translator.pt\/artigos\/news\/nova-identidade-visual-do-vasco\/"]}]},{"@type":"ImageObject","inLanguage":"pt-PT","@id":"https:\/\/vasco-translator.pt\/artigos\/news\/nova-identidade-visual-do-vasco\/#primaryimage","url":"https:\/\/vasco-translator.pt\/artigos\/wp-content\/uploads\/2024\/01\/news-4.jpeg","contentUrl":"https:\/\/vasco-translator.pt\/artigos\/wp-content\/uploads\/2024\/01\/news-4.jpeg","width":1620,"height":1621,"caption":"Nova identidade visual do Vasco"},{"@type":"BreadcrumbList","@id":"https:\/\/vasco-translator.pt\/artigos\/news\/nova-identidade-visual-do-vasco\/#breadcrumb","itemListElement":[{"@type":"ListItem","position":1,"name":"Home","item":"https:\/\/vasco-translator.pt\/artigos\/"},{"@type":"ListItem","position":2,"name":"Not\u00edcias","item":"https:\/\/vasco-translator.pt\/artigos\/category\/news\/"},{"@type":"ListItem","position":3,"name":"Nova identidade visual do Vasco","item":{"@id":"https:\/\/vasco-translator.pt\/artigos\/wp-json\/wp\/v2\/posts\/1194"}}]},{"@type":"WebSite","@id":"https:\/\/vasco-translator.pt\/artigos\/#website","url":"https:\/\/vasco-translator.pt\/artigos\/","name":"Vasco Blog | Explorar factos sobre l\u00ednguas e viagens","description":"Descubra o fascinante mundo das l\u00ednguas e das viagens com o Vasco. Mergulhe em artigos, dicas e ideias que o ajudam a tirar o m\u00e1ximo partido das suas viagens.","potentialAction":[{"@type":"SearchAction","target":{"@type":"EntryPoint","urlTemplate":"https:\/\/vasco-translator.pt\/artigos\/?s={search_term_string}"},"query-input":{"@type":"PropertyValueSpecification","valueRequired":true,"valueName":"search_term_string"}}],"inLanguage":"pt-PT"},{"@type":"Person","@id":"https:\/\/vasco-translator.pt\/artigos\/#\/schema\/person\/ad838e1c8facc051c1edbd423497aa9c","name":"Marta Baros","image":{"@type":"ImageObject","inLanguage":"pt-PT","@id":"https:\/\/secure.gravatar.com\/avatar\/6519bc375e3db1c8ee762ed2a67d1c58241b8f9636de8ad9a57863fcd4c74556?s=96&d=mm&r=g","url":"https:\/\/secure.gravatar.com\/avatar\/6519bc375e3db1c8ee762ed2a67d1c58241b8f9636de8ad9a57863fcd4c74556?s=96&d=mm&r=g","contentUrl":"https:\/\/secure.gravatar.com\/avatar\/6519bc375e3db1c8ee762ed2a67d1c58241b8f9636de8ad9a57863fcd4c74556?s=96&d=mm&r=g","caption":"Marta Baros"},"description":"Com a sua experi\u00eancia de 9 anos em rela\u00e7\u00f5es p\u00fablicas, cuida da imagem da marca Vasco e dos seus produtos. Para al\u00e9m de trabalhar com os meios de comunica\u00e7\u00e3o social e os parceiros, tamb\u00e9m se ocupa das atividades de responsabilidade social. Fora do trabalho, a Marta \u00e9 uma \u00e1vida viajante. Podemos encontr\u00e1-la frequentemente a percorrer um trilho de montanha ou a andar de bicicleta.","url":"https:\/\/vasco-translator.pt\/artigos\/autor\/m-baros\/"}]}},"_links":{"self":[{"href":"https:\/\/vasco-translator.pt\/artigos\/wp-json\/wp\/v2\/posts\/1194","targetHints":{"allow":["GET"]}}],"collection":[{"href":"https:\/\/vasco-translator.pt\/artigos\/wp-json\/wp\/v2\/posts"}],"about":[{"href":"https:\/\/vasco-translator.pt\/artigos\/wp-json\/wp\/v2\/types\/post"}],"author":[{"embeddable":true,"href":"https:\/\/vasco-translator.pt\/artigos\/wp-json\/wp\/v2\/users\/5"}],"replies":[{"embeddable":true,"href":"https:\/\/vasco-translator.pt\/artigos\/wp-json\/wp\/v2\/comments?post=1194"}],"version-history":[{"count":1,"href":"https:\/\/vasco-translator.pt\/artigos\/wp-json\/wp\/v2\/posts\/1194\/revisions"}],"predecessor-version":[{"id":1196,"href":"https:\/\/vasco-translator.pt\/artigos\/wp-json\/wp\/v2\/posts\/1194\/revisions\/1196"}],"wp:featuredmedia":[{"embeddable":true,"href":"https:\/\/vasco-translator.pt\/artigos\/wp-json\/wp\/v2\/media\/1195"}],"wp:attachment":[{"href":"https:\/\/vasco-translator.pt\/artigos\/wp-json\/wp\/v2\/media?parent=1194"}],"wp:term":[{"taxonomy":"category","embeddable":true,"href":"https:\/\/vasco-translator.pt\/artigos\/wp-json\/wp\/v2\/categories?post=1194"},{"taxonomy":"post_tag","embeddable":true,"href":"https:\/\/vasco-translator.pt\/artigos\/wp-json\/wp\/v2\/tags?post=1194"}],"curies":[{"name":"wp","href":"https:\/\/api.w.org\/{rel}","templated":true}]}}